{"id":33086,"date":"2024-04-30T20:35:12","date_gmt":"2024-04-30T23:35:12","guid":{"rendered":"https:\/\/chacosintesis.com.ar\/?p=33086"},"modified":"2024-04-30T20:35:42","modified_gmt":"2024-04-30T23:35:42","slug":"zdero-licito-obras-de-pavimento-para-una-avenida-importante-de-santa-sylvina","status":"publish","type":"post","link":"https:\/\/chacosintesis.com.ar\/index.php\/zdero-licito-obras-de-pavimento-para-una-avenida-importante-de-santa-sylvina\/","title":{"rendered":"Zdero licit\u00f3 obras de pavimento para una avenida importante de Santa Sylvina"},"content":{"rendered":"<div class=\"postie-post\">Se trata de 7 cuadras doble mano de la avenida Pueyrred\u00f3n que brindar\u00e1 conectividad, despu\u00e9s de 40 a\u00f1os, al barrio Belgrano.<br \/>\n<iframe loading=\"lazy\" title=\"ZDERO LICIT\u00d3 OBRAS DE PAVIMENTO PARA UNA AVENIDA IMPORTANTE DE SANTA SYLVINA\" width=\"1170\" height=\"658\" src=\"https:\/\/www.youtube.com\/embed\/9NBOBH_YwDw?feature=oembed\" frameborder=\"0\" allow=\"accelerometer; autoplay; clipboard-write; encrypted-media; gyroscope; picture-in-picture; web-share\" referrerpolicy=\"strict-origin-when-cross-origin\" allowfullscreen><\/iframe><br \/>\nEl gobernador Leandro Zdero acompa\u00f1ado por el ministro de Infraestructura, Hugo Dom\u00ednguez, licit\u00f3, este martes, 7 cuadras de pavimento urbano para Santa Sylvina que permitir\u00e1 la conexi\u00f3n del barrio Belgrano que hace m\u00e1s de 40 a\u00f1os lo espera. El tramo a pavimentar es de la avenida Pueyrred\u00f3n entre las calles L. Cadra y Fray L. Beltr\u00e1n. Se trata de siete cuadras de doble mano que son financiadas con fondos provinciales.<\/p>\n<p> \u201cEs muy gratificante compartir esta alegr\u00eda con el pueblo de Santa Sylvina\u201d, dijo Zdero y destac\u00f3 el accionar de su intendente Susana Maggio. \u201cDespu\u00e9s de tanto tiempo la pavimentaci\u00f3n de la avenida Pueyrred\u00f3n es una realidad. Estamos atravesando un momento muy dif\u00edcil para la naci\u00f3n y la provincia, por ello se celebra la obra p\u00fablica que implica nuevos puestos de trabajo\u201d, indic\u00f3.<\/p>\n<p>En esta l\u00ednea, explic\u00f3 que la licitaci\u00f3n de la obra da muestra del esfuerzo de que Maggio haya gestionado durante 9 a\u00f1os el pavimento de una avenida muy importante para los sylvinenses porque cambiar\u00e1 el perfil de la ciudad. Adem\u00e1s, de darle conectividad al barrio Belgrano le otorgar\u00e1 iluminaci\u00f3n y los desag\u00fces permitir\u00e1n un mayor escurrimiento del agua ya que estar\u00e1n cubiertos con mamposter\u00eda.<\/p>\n<p>En la oportunidad, el primer mandatario destac\u00f3 la labor de los trabajadores de la Direcci\u00f3n de Vialidad Provincial. Sobre quienes dijo, \u201cest\u00e1n y estuvieron presentes, a lo largo y ancho de la provincia, en tiempos dif\u00edciles. Son los empleados los que permanecen y le dan prestigio a la instituci\u00f3n\u201d. Y, de esta forma, tambi\u00e9n los salud\u00f3 a 24 horas de celebrarse el D\u00eda del Trabajador.<br \/>\nMINISTRO HUGO DOM\u00cdNGUEZ: \u201cCON UNA BUENA ADMINISTRACI\u00d3N COMO LA DEL GOBERNADOR SON POSIBLES LAS OBRAS<\/p>\n<p>El ministro Dom\u00ednguez destac\u00f3 la importancia de esta obra que mediante un gran esfuerzo financiero del Gobierno provincial se llevar\u00e1 adelante. \u201cCon una buena administraci\u00f3n como la que est\u00e1 llevando adelante el gobernador Zdero es posible concretar estas obras en un dif\u00edcil escenario econ\u00f3mico\u201d, dijo el funcionario.<\/p>\n<p>Del acto de licitaci\u00f3n adem\u00e1s participaron; el secretario de Coordinaci\u00f3n de Gabinete Livio Guti\u00e9rrez; el director de Vialidad Provincial (DVP) Omar Canela; y la intendente de la localidad Susana Maggio.<\/p>\n<p>Mejor gesti\u00f3n, m\u00e1s obras Maggio agradeci\u00f3, en nombre de los habitantes del pueblo, al gobernador por hacer realidad la obra que hace 9 a\u00f1os se viene gestionando y 40 a\u00f1os esperando. \u201cSignificar\u00e1 mayor posibilidad para la localidad y sobre todo para los barrios de la zona\u201d, asegur\u00f3. Explic\u00f3 que va a permitir mayor comunicaci\u00f3n y accesibilidad entre barrio norte y sur y un gran beneficio para el barrio Belgrano, que tiene cuatro d\u00e9cadas esperando el pavimento.<\/p>\n<p>Por otro lado, la intendente resalt\u00f3 que la obra generar\u00e1 mano de obra en la localidad ya que ser\u00e1 grandilocuente. \u201cImplicar\u00e1 mejoras en la funcionalidad pero tambi\u00e9n en la est\u00e9tica, la prolijidad y la limpieza\u201d, se\u00f1al\u00f3.<\/p>\n<p>A su turno, el administrador de DVP, Omar Canela destac\u00f3 lo que implica la obra p\u00fablica en la dinamizaci\u00f3n de la econom\u00eda local e indic\u00f3 que todas las obras que est\u00e1n neutralizadas ser\u00e1n activadas teniendo en cuenta las prioridades de las mismas.<\/p><\/div>\n","protected":false},"excerpt":{"rendered":"<p>Se trata de 7 cuadras doble mano de la avenida Pueyrred\u00f3n que brindar\u00e1 conectividad, despu\u00e9s de 40 a\u00f1os, al barrio Belgrano. El gobernador Leandro Zdero acompa\u00f1ado por el ministro de Infraestructura, Hugo Dom\u00ednguez, licit\u00f3, este martes, 7 cuadras de pavimento urbano para Santa Sylvina que permitir\u00e1 la conexi\u00f3n del barrio Belgrano que hace m\u00e1s de [&hellip;]<\/p>\n","protected":false},"author":1,"featured_media":33087,"comment_status":"closed","ping_status":"closed","sticky":false,"template":"","format":"standard","meta":{"footnotes":""},"categories":[6],"tags":[],"class_list":{"0":"post-33086","1":"post","2":"type-post","3":"status-publish","4":"format-standard","5":"has-post-thumbnail","7":"category-chaco"},"_links":{"self":[{"href":"https:\/\/chacosintesis.com.ar\/index.php\/wp-json\/wp\/v2\/posts\/33086","targetHints":{"allow":["GET"]}}],"collection":[{"href":"https:\/\/chacosintesis.com.ar\/index.php\/wp-json\/wp\/v2\/posts"}],"about":[{"href":"https:\/\/chacosintesis.com.ar\/index.php\/wp-json\/wp\/v2\/types\/post"}],"author":[{"embeddable":true,"href":"https:\/\/chacosintesis.com.ar\/index.php\/wp-json\/wp\/v2\/users\/1"}],"replies":[{"embeddable":true,"href":"https:\/\/chacosintesis.com.ar\/index.php\/wp-json\/wp\/v2\/comments?post=33086"}],"version-history":[{"count":0,"href":"https:\/\/chacosintesis.com.ar\/index.php\/wp-json\/wp\/v2\/posts\/33086\/revisions"}],"wp:featuredmedia":[{"embeddable":true,"href":"https:\/\/chacosintesis.com.ar\/index.php\/wp-json\/wp\/v2\/media\/33087"}],"wp:attachment":[{"href":"https:\/\/chacosintesis.com.ar\/index.php\/wp-json\/wp\/v2\/media?parent=33086"}],"wp:term":[{"taxonomy":"category","embeddable":true,"href":"https:\/\/chacosintesis.com.ar\/index.php\/wp-json\/wp\/v2\/categories?post=33086"},{"taxonomy":"post_tag","embeddable":true,"href":"https:\/\/chacosintesis.com.ar\/index.php\/wp-json\/wp\/v2\/tags?post=33086"}],"curies":[{"name":"wp","href":"https:\/\/api.w.org\/{rel}","templated":true}]}}