{"id":33082,"date":"2024-04-30T20:10:43","date_gmt":"2024-04-30T23:10:43","guid":{"rendered":"https:\/\/chacosintesis.com.ar\/?p=33082"},"modified":"2024-04-30T20:15:21","modified_gmt":"2024-04-30T23:15:21","slug":"este-miercoles-se-juega-la-final-de-la-copa-112-aniversario-de-saenz-pena","status":"publish","type":"post","link":"https:\/\/chacosintesis.com.ar\/index.php\/este-miercoles-se-juega-la-final-de-la-copa-112-aniversario-de-saenz-pena\/","title":{"rendered":"Este mi\u00e9rcoles se juega la final de la Copa 112\u00b0 Aniversario de S\u00e1enz Pe\u00f1a"},"content":{"rendered":"<div class=\"postie-post\">Los equipos que buscar\u00e1n coronarse campeones ser\u00e1n: Juventud Unida y San Lorenzo.<br \/>\nEn conferencia de prensa, el secretario de Desarrollo Humano y Deportes Germ\u00e1n Rearte; el subsecretario de Deporte Social y Comunitario, Ivan Arredondo y el presidente de la Liga Saenzpe\u00f1ense de F\u00fatbol, Carlos Pereyra, anunciaron lo que ser\u00e1 la gran final de la Copa 112\u00b0 aniversario de S\u00e1enz Pe\u00f1a, a disputarse este mi\u00e9rcoles 1 de mayo a las 15 horas, entre Juventud Unida y San Lorenzo, en el estadio del Club Atl\u00e9tico Sportivo.<br \/>\nLas autoridades organizadoras del evento deportivo, determinaron que los accesos a las tribunas ser\u00e1n de la siguiente manera: a la tribuna de la calle 12 ingresar\u00e1n los espectadores de San Lorenzo, mientras que Juventud Unida tendr\u00e1 acceso por la calle 10. Las puertas del estadio se abrir\u00e1n a las 14 horas y el valor de las entradas ser\u00e1 de $1.500.<br \/>\nEn la conferencia se cont\u00f3 con la presencia de la vicepresidente de Juventud Unida, Stella Rossi Wenk; el presidente de San Lorenzo, Juan Koman junto a  Rub\u00e9n Arce y Patricia Tabos.<br \/>\nA su turno, el secretario de Desarrollo Humano y Deportes, Germ\u00e1n Rearte, dese\u00f3 a los dos clubes &#8220;lo mejor de la suerte, adem\u00e1s de agradecer a la Liga Saenzpe\u00f1ense, donde siempre organizamos estos eventos y ya tenemos varios desaf\u00edos, tales como un provincial en inferiores, tambi\u00e9n un certamen Nacional y con la libertad de realizar proyectos y aportar un granito de arena para que el f\u00fatbol local sea un poco m\u00e1s profesional&#8221;.<br \/>\nPor su parte, el presidente de la Liga Saenzpe\u00f1ense de F\u00fatbol, Carlos Pereyra, remarc\u00f3 que &#8220;estamos contentos de poder anunciar la final de la Copa 112\u00b0 Aniversario S\u00e1enz Pe\u00f1a, que es algo muy importante que estamos por concluir en lo que corresponde a la parte deportiva, dentro de lo que son los distintos eventos que realiz\u00f3 la Municipalidad por motivo de su aniversario, por lo que estamos contentos de poder acompa\u00f1ar y desde ya el agradecimientoa la Liga Saenzpe\u00f1ense porque ha permitido que los clubes puedan participar\u201d.<br \/>\n&#8220;Agradecemos al intendente Bruno Cipolini y a todo su equipo de trabajo por acompa\u00f1ar todos nuestros proyectos e iniciativas&#8221;, finaliz\u00f3 Pereyra.<br \/>\nEl presidente del club San Lorenzo, manifest\u00f3 el agradecimiento  al Municipio por la realizaci\u00f3n de este certamen, \u201cesperemos que sea un espect\u00e1culo, una fiesta en honor a nuestra ciudad; gracias a todos por apoyarnos&#8221;.<br \/>\nPor \u00faltimo, la vicepresidente del club Juventud Unida, Stella Rossi Wenk, afirm\u00f3 tambi\u00e9n su agradecimiento a la comuna local &#8220;por todo esto, todos los a\u00f1os esperando este campeonato, siempre necesitamos para ejemplo de la comunidad y agradecer a todos&#8221;.<\/div>\n","protected":false},"excerpt":{"rendered":"<p>Los equipos que buscar\u00e1n coronarse campeones ser\u00e1n: Juventud Unida y San Lorenzo. En conferencia de prensa, el secretario de Desarrollo Humano y Deportes Germ\u00e1n Rearte; el subsecretario de Deporte Social y Comunitario, Ivan Arredondo y el presidente de la Liga Saenzpe\u00f1ense de F\u00fatbol, Carlos Pereyra, anunciaron lo que ser\u00e1 la gran final de la Copa [&hellip;]<\/p>\n","protected":false},"author":1,"featured_media":33083,"comment_status":"closed","ping_status":"closed","sticky":false,"template":"","format":"standard","meta":{"footnotes":""},"categories":[6],"tags":[],"class_list":{"0":"post-33082","1":"post","2":"type-post","3":"status-publish","4":"format-standard","5":"has-post-thumbnail","7":"category-chaco"},"_links":{"self":[{"href":"https:\/\/chacosintesis.com.ar\/index.php\/wp-json\/wp\/v2\/posts\/33082","targetHints":{"allow":["GET"]}}],"collection":[{"href":"https:\/\/chacosintesis.com.ar\/index.php\/wp-json\/wp\/v2\/posts"}],"about":[{"href":"https:\/\/chacosintesis.com.ar\/index.php\/wp-json\/wp\/v2\/types\/post"}],"author":[{"embeddable":true,"href":"https:\/\/chacosintesis.com.ar\/index.php\/wp-json\/wp\/v2\/users\/1"}],"replies":[{"embeddable":true,"href":"https:\/\/chacosintesis.com.ar\/index.php\/wp-json\/wp\/v2\/comments?post=33082"}],"version-history":[{"count":0,"href":"https:\/\/chacosintesis.com.ar\/index.php\/wp-json\/wp\/v2\/posts\/33082\/revisions"}],"wp:featuredmedia":[{"embeddable":true,"href":"https:\/\/chacosintesis.com.ar\/index.php\/wp-json\/wp\/v2\/media\/33083"}],"wp:attachment":[{"href":"https:\/\/chacosintesis.com.ar\/index.php\/wp-json\/wp\/v2\/media?parent=33082"}],"wp:term":[{"taxonomy":"category","embeddable":true,"href":"https:\/\/chacosintesis.com.ar\/index.php\/wp-json\/wp\/v2\/categories?post=33082"},{"taxonomy":"post_tag","embeddable":true,"href":"https:\/\/chacosintesis.com.ar\/index.php\/wp-json\/wp\/v2\/tags?post=33082"}],"curies":[{"name":"wp","href":"https:\/\/api.w.org\/{rel}","templated":true}]}}