{"id":33065,"date":"2024-04-30T10:41:14","date_gmt":"2024-04-30T13:41:14","guid":{"rendered":"https:\/\/chacosintesis.com.ar\/?p=33065"},"modified":"2024-04-30T10:45:19","modified_gmt":"2024-04-30T13:45:19","slug":"alivio-a-los-chaquenos-se-presento-en-la-legislatura-el-proyecto-de-ley-para-anular-el-pago-de-las-fotomultas","status":"publish","type":"post","link":"https:\/\/chacosintesis.com.ar\/index.php\/alivio-a-los-chaquenos-se-presento-en-la-legislatura-el-proyecto-de-ley-para-anular-el-pago-de-las-fotomultas\/","title":{"rendered":"\u00bfAlivio a los chaque\u00f1os? Se present\u00f3 en la Legislatura el proyecto de Ley para anular el pago de las fotomultas"},"content":{"rendered":"<div class=\"postie-post\">En medio de la creciente controversia en torno a las fotomultas en la provincia de Chaco, la sesi\u00f3n extraordinaria en la Legislatura provincial fue el escenario para la presentaci\u00f3n de un proyecto de ley que busca suspender el pago de estas multas extremadamente excesivas. Con NG Federal dialogaron el diputado Carim Peche, JxC, quien present\u00f3 la propuesta, y el legislador, Dar\u00edo Bacileff Ivanof, del Frente Integrador, que acompa\u00f1a la iniciativa.<\/p>\n<p>Este doble impulso legislativo refleja la preocupaci\u00f3n generalizada en torno a la aplicaci\u00f3n de las fotomultas en la provincia y la necesidad de abordar esta problem\u00e1tica de manera urgente. La presentaci\u00f3n de estos proyectos en la Legislatura provincial exige  la revisi\u00f3n y posible modificaci\u00f3n del r\u00e9gimen de fotomultas en Chaco, tras el mal funcionamiento de la misma en la gesti\u00f3n anterior.<\/p>\n<p>Cabe recordar, que durante la gesti\u00f3n anterior, no hab\u00eda claridad sobre la localizaci\u00f3n de los radares ni tampoco fueron comunicados los conductores de sus multas. Durante este a\u00f1o, al intentar regularizar su situaci\u00f3n, se encontraron con montos extremadamente altos a pagar, desde 300 mil pesos hasta millones, que incluso, nunca fuero notificados.<\/p>\n<p>&#8220;Propongo que se realice una auditor\u00eda para que se revise el sistema de Fotomultas&#8221;, expres\u00f3 Peche durante su intervenci\u00f3n en la sesi\u00f3n. La propuesta apunta a investigar a fondo el funcionamiento de este sistema de infracciones, que ha sido objeto de cr\u00edticas y cuestionamientos por parte de diversos sectores de la sociedad chaque\u00f1a.<\/p>\n<p>&#8220;Present\u00e9 el proyecto que dice suspender las multas y la ejecuci\u00f3n de los juicios&#8221;, asegur\u00f3 Peche a NG Federal.<\/p>\n<p>Bacileff Ivanof, por su parte, respald\u00f3 la iniciativa de suspender el pago de las fotomultas &#8220;hasta no estar claro la modalidad&#8221;. Ambos diputados coincidieron en la necesidad de garantizar la transparencia y la legalidad en el proceso de aplicaci\u00f3n de estas sanciones, que han generado un fuerte debate en la provincia.<\/p>\n<p>La presentaci\u00f3n de estos proyectos de ley marca un importante paso en el camino hacia una revisi\u00f3n integral del sistema de fotomultas en Chaco. Se espera que el debate en la Legislatura provincial arroje luz sobre esta cuesti\u00f3n y brinde respuestas a las preocupaciones de la poblaci\u00f3n respecto a la aplicaci\u00f3n de estas sanciones.<\/p>\n<p>Diario22.ar<\/p><\/div>\n","protected":false},"excerpt":{"rendered":"<p>En medio de la creciente controversia en torno a las fotomultas en la provincia de Chaco, la sesi\u00f3n extraordinaria en la Legislatura provincial fue el escenario para la presentaci\u00f3n de un proyecto de ley que busca suspender el pago de estas multas extremadamente excesivas. Con NG Federal dialogaron el diputado Carim Peche, JxC, quien present\u00f3 [&hellip;]<\/p>\n","protected":false},"author":1,"featured_media":33066,"comment_status":"closed","ping_status":"closed","sticky":false,"template":"","format":"standard","meta":{"footnotes":""},"categories":[6],"tags":[],"class_list":{"0":"post-33065","1":"post","2":"type-post","3":"status-publish","4":"format-standard","5":"has-post-thumbnail","7":"category-chaco"},"_links":{"self":[{"href":"https:\/\/chacosintesis.com.ar\/index.php\/wp-json\/wp\/v2\/posts\/33065","targetHints":{"allow":["GET"]}}],"collection":[{"href":"https:\/\/chacosintesis.com.ar\/index.php\/wp-json\/wp\/v2\/posts"}],"about":[{"href":"https:\/\/chacosintesis.com.ar\/index.php\/wp-json\/wp\/v2\/types\/post"}],"author":[{"embeddable":true,"href":"https:\/\/chacosintesis.com.ar\/index.php\/wp-json\/wp\/v2\/users\/1"}],"replies":[{"embeddable":true,"href":"https:\/\/chacosintesis.com.ar\/index.php\/wp-json\/wp\/v2\/comments?post=33065"}],"version-history":[{"count":0,"href":"https:\/\/chacosintesis.com.ar\/index.php\/wp-json\/wp\/v2\/posts\/33065\/revisions"}],"wp:featuredmedia":[{"embeddable":true,"href":"https:\/\/chacosintesis.com.ar\/index.php\/wp-json\/wp\/v2\/media\/33066"}],"wp:attachment":[{"href":"https:\/\/chacosintesis.com.ar\/index.php\/wp-json\/wp\/v2\/media?parent=33065"}],"wp:term":[{"taxonomy":"category","embeddable":true,"href":"https:\/\/chacosintesis.com.ar\/index.php\/wp-json\/wp\/v2\/categories?post=33065"},{"taxonomy":"post_tag","embeddable":true,"href":"https:\/\/chacosintesis.com.ar\/index.php\/wp-json\/wp\/v2\/tags?post=33065"}],"curies":[{"name":"wp","href":"https:\/\/api.w.org\/{rel}","templated":true}]}}