{"id":33037,"date":"2024-04-29T19:27:32","date_gmt":"2024-04-29T22:27:32","guid":{"rendered":"https:\/\/chacosintesis.com.ar\/?p=33037"},"modified":"2024-04-29T19:30:23","modified_gmt":"2024-04-29T22:30:23","slug":"todo-listo-para-el-desfile-de-carrozas-y-autos-antiguos-en-saenz-pena","status":"publish","type":"post","link":"https:\/\/chacosintesis.com.ar\/index.php\/todo-listo-para-el-desfile-de-carrozas-y-autos-antiguos-en-saenz-pena\/","title":{"rendered":"Todo listo para el desfile de carrozas y autos antiguos en S\u00e1enz Pe\u00f1a"},"content":{"rendered":"<div class=\"postie-post\">El mi\u00e9rcoles 1 de mayo a partir de las 18:30 horas,  tendr\u00e1 lugar el tradicional desfile de carrozas y autos antiguos por la calle 12.<\/p>\n<p>El evento, que fue postergado por cuestiones clim\u00e1ticas, finalmente se realizar\u00e1 el mi\u00e9rcoles con la participaci\u00f3n de las carrozas de Colectividades Extranjeras, la Secretar\u00eda de Cultura y Educaci\u00f3n Ciudadana, autos y motos antiguas y el parque automotor municipal.<\/p>\n<p> El desfile  comenzar\u00e1 en calle 1 y 12 y ser\u00e1 hasta la calle 9. All\u00ed los vecinos podr\u00e1n disfrutar de una tarde en familia, aprovechando que es un d\u00eda feriado, apreciando las carrozas y veh\u00edculos que pasar\u00e1n por el lugar.<\/p><\/div>\n","protected":false},"excerpt":{"rendered":"<p>El mi\u00e9rcoles 1 de mayo a partir de las 18:30 horas, tendr\u00e1 lugar el tradicional desfile de carrozas y autos antiguos por la calle 12. El evento, que fue postergado por cuestiones clim\u00e1ticas, finalmente se realizar\u00e1 el mi\u00e9rcoles con la participaci\u00f3n de las carrozas de Colectividades Extranjeras, la Secretar\u00eda de Cultura y Educaci\u00f3n Ciudadana, autos [&hellip;]<\/p>\n","protected":false},"author":1,"featured_media":33038,"comment_status":"closed","ping_status":"closed","sticky":false,"template":"","format":"standard","meta":{"footnotes":""},"categories":[6],"tags":[],"class_list":{"0":"post-33037","1":"post","2":"type-post","3":"status-publish","4":"format-standard","5":"has-post-thumbnail","7":"category-chaco"},"_links":{"self":[{"href":"https:\/\/chacosintesis.com.ar\/index.php\/wp-json\/wp\/v2\/posts\/33037","targetHints":{"allow":["GET"]}}],"collection":[{"href":"https:\/\/chacosintesis.com.ar\/index.php\/wp-json\/wp\/v2\/posts"}],"about":[{"href":"https:\/\/chacosintesis.com.ar\/index.php\/wp-json\/wp\/v2\/types\/post"}],"author":[{"embeddable":true,"href":"https:\/\/chacosintesis.com.ar\/index.php\/wp-json\/wp\/v2\/users\/1"}],"replies":[{"embeddable":true,"href":"https:\/\/chacosintesis.com.ar\/index.php\/wp-json\/wp\/v2\/comments?post=33037"}],"version-history":[{"count":0,"href":"https:\/\/chacosintesis.com.ar\/index.php\/wp-json\/wp\/v2\/posts\/33037\/revisions"}],"wp:featuredmedia":[{"embeddable":true,"href":"https:\/\/chacosintesis.com.ar\/index.php\/wp-json\/wp\/v2\/media\/33038"}],"wp:attachment":[{"href":"https:\/\/chacosintesis.com.ar\/index.php\/wp-json\/wp\/v2\/media?parent=33037"}],"wp:term":[{"taxonomy":"category","embeddable":true,"href":"https:\/\/chacosintesis.com.ar\/index.php\/wp-json\/wp\/v2\/categories?post=33037"},{"taxonomy":"post_tag","embeddable":true,"href":"https:\/\/chacosintesis.com.ar\/index.php\/wp-json\/wp\/v2\/tags?post=33037"}],"curies":[{"name":"wp","href":"https:\/\/api.w.org\/{rel}","templated":true}]}}