{"id":33033,"date":"2024-04-29T12:38:18","date_gmt":"2024-04-29T15:38:18","guid":{"rendered":"https:\/\/chacosintesis.com.ar\/?p=33033"},"modified":"2024-04-29T12:40:32","modified_gmt":"2024-04-29T15:40:32","slug":"caso-cecilia-cambiaron-la-imputacion-y-ahora-cesar-sena-fue-senalado-como-el-unico-autor-del-femicidio","status":"publish","type":"post","link":"https:\/\/chacosintesis.com.ar\/index.php\/caso-cecilia-cambiaron-la-imputacion-y-ahora-cesar-sena-fue-senalado-como-el-unico-autor-del-femicidio\/","title":{"rendered":"Caso Cecilia: cambiaron la imputaci\u00f3n y ahora C\u00e9sar Sena fue se\u00f1alado como el \u00fanico autor del femicidio"},"content":{"rendered":"<div class=\"postie-post\">En un giro sorpresivo de la causa, el Equipo Fiscal Especial que investiga el femicidio de Cecilia Strzyzowski cit\u00f3 en la ma\u00f1ana de este lunes a C\u00e9sar Sena a quien se le ley\u00f3 la nueva imputaci\u00f3n en su contra. Con esta modificaci\u00f3n, los fiscales ahora sostienen que sus padres, Emerenciano y Marcela Acu\u00f1a, no fueron los coautores del crimen, pero s\u00ed participaron activamente en el hecho al abandonar adrede la vivienda familiar donde finalmente C\u00e9sar habr\u00eda asesinado a su pareja el 2 de junio pasado.<\/p>\n<p> C\u00e9sar Sena ir\u00e1 a juicio oral como el \u00fanico autor del crimen de Cecilia Strzyzowski. As\u00ed se lo hizo saber este lunes el Equipo Fiscal Especial que investiga el femicidio de la joven ocurrido el 2 de junio pasado. Esta decisi\u00f3n modifica la imputaci\u00f3n original que apuntaba contra la totalidad del clan Sena como coautores del hecho. Tambi\u00e9n elimina el agravante de \u201cconcurso premeditado\u201d. De todos modos, los fiscales ratificaron que el asesinato y posterior encubrimiento no podr\u00edan haberse dado sin la colaboraci\u00f3n activa de Emerenciano y Marcela Acu\u00f1a de quienes ahora quedaron imputados como \u201cpart\u00edcipes primarios\u201d.<br \/>\n\u201cHomicidio doblemente agravado por el v\u00ednculo y por haberse cometido en contexto de violencia de g\u00e9nero en car\u00e1cter de autor -femicidio- (art\u00edculo 80, inciso 1 y 11 del C\u00f3digo Penal en funci\u00f3n de la Ley 26.485\u201d. Esta es la nueva imputaci\u00f3n que pesa desde este lunes contra C\u00e9sar Sena, la cual fue le\u00edda por el fiscal, Jorge C\u00e1ceres Olivera, en la sede de las fiscal\u00edas penales, en el microcentro de Resistencia. La audiencia tambi\u00e9n cont\u00f3 con la participaci\u00f3n de la abogada defensora, Gabriela Tomljenovic.<br \/>\nLa nueva acusaci\u00f3n tiene algunas diferencias con la hecha a fines de junio pasado, cuando se decret\u00f3 la prisi\u00f3n preventiva para todos los imputados.<br \/>\nEn aquella oportunidad se lo imput\u00f3 a Cesar Sena por \u201chomicidio triplemente agravado por el v\u00ednculo y por haberse cometido en contexto de violencia de g\u00e9nero en car\u00e1cter de autor y por el concurso premeditado de dos o m\u00e1s personas en car\u00e1cter de coautor (Art.  80 inc. 1, 11, 6 y art. 45 todos del C\u00f3digo Penal en funci\u00f3n de la Ley 26.485)\u201d.<br \/>\nEs decir, ahora se quita el agravante del concurso premeditado y se deja de lado la teor\u00eda del enga\u00f1ado perge\u00f1ado por Cesar Sena, Emerenciano y Marcela Acu\u00f1a por medio del cual se le habr\u00eda hecho creer a Cecilia que iba a viajar al sur del pa\u00eds, donde tendr\u00eda casa y trabajo asegurados.<br \/>\nTambi\u00e9n del nuevo relato que hacen los fiscales del hecho se desprende que Emerenciano y Marcela Acu\u00f1a no estuvieron en la casa al momento del crimen. Esto cambia el \u00e1ngulo que ten\u00edan del hecho en la resoluci\u00f3n de la prisi\u00f3n preventiva donde hab\u00edan se\u00f1alado que los tres \u201cdieron muerte a Cecilia\u201d.<br \/>\nDe todos modos, consideran que esta decisi\u00f3n de ausentarse de la casa no fue azarosa sino justamente habr\u00edan dejado una \u201czona liberada\u201d dentro de su hogar para que C\u00e9sar pudiera asesinar a Cecilia. Esto los hace \u201cpart\u00edcipes necesarios\u201d, de acuerdo a la nueva imputaci\u00f3n, la cual acarrea la pena m\u00e1xima de prisi\u00f3n perpetua. Adem\u00e1s, se\u00f1alaron que la pareja fue clave en el posterior descarte del cuerpo al dar las \u00f3rdenes a sus empleados para que colaboren en la macabra tarea.<br \/>\nEl caso<br \/>\n\u201cEl 2 de junio de 2023, despu\u00e9s de las 8, Emerenciano Sena y Marcela Acu\u00f1a, de manera deliberada, se ausentaron de su hogar situado en calle Santa Mar\u00eda de Oro 1460 de Resistencia, creando un ambiente seguro y propicio para que su hijo, C\u00e9sar Sena, lleve a cabo el homicidio de su pareja\u201d, indic\u00f3 el Equipo Fiscal en la nueva imputaci\u00f3n.<br \/>\n\u201cM\u00e1s tarde\u201d, prosigue el relato, \u201ca las 9.14, C\u00e9sar llev\u00f3 a Cecilia a la residencia familiar donde, aprovechando la relaci\u00f3n desigual de poder y dependencia econ\u00f3mica en la que Cecilia se encontraba sometida, perpetr\u00f3 su muerte en una habitaci\u00f3n de la planta baja. Accionar que no habr\u00eda sido posible sin la indispensable participaci\u00f3n de sus progenitores\u201d.<br \/>\n\u201cEl 2 de junio de 2023, despu\u00e9s de las 8, Emerenciano Sena y Marcela Acu\u00f1a, de manera deliberada, se ausentaron de su hogar situado en calle Santa Mar\u00eda de Oro 1460 de Resistencia, creando un ambiente seguro y propicio para que su hijo, C\u00e9sar Sena, lleve a cabo el homicidio de su pareja\u201d, indic\u00f3 el Equipo Fiscal en la nueva imputaci\u00f3n.<br \/>\n\u201cM\u00e1s tarde\u201d, prosigue el relato, \u201ca las 9.14, C\u00e9sar llev\u00f3 a Cecilia a la residencia familiar donde, aprovechando la relaci\u00f3n desigual de poder y dependencia econ\u00f3mica en la que Cecilia se encontraba sometida, perpetr\u00f3 su muerte en una habitaci\u00f3n de la planta baja. Accionar que no habr\u00eda sido posible sin la indispensable participaci\u00f3n de sus progenitores\u201d.<br \/>\n\u201cLuego, siguiendo indicaciones de Emerenciano y Marcela, Jos\u00e9 Gustavo Obreg\u00f3n, mano derecha de Emerenciano, lleg\u00f3 a la vivienda de la familia Sena en su veh\u00edculo Citroen C4 gris y alrededor de las 19.27, junto a C\u00e9sar, cargaron el cuerpo de Cecilia en la cajuela de la camioneta Toyota Hilux blanca de C\u00e9sar y lo llevaron al campo Rossi ubicado en Zona Rural de Puerto Tirol, con el Citroen C4 escoltando a la camioneta durante todo el trayecto\u201d, sostiene la fiscal\u00eda.<br \/>\n\u201cEn ese lugar, C\u00e9sar y Obreg\u00f3n incineraron el cuerpo de Cecilia con el objetivo de destruir cualquier indicio incriminatorio y se retiraron alrededor de las 21. Despu\u00e9s, Gustavo Melgarejo y Griselda Reinoso, quienes estaban a cargo de la vigilancia del campo Rossi permanecieron all\u00ed durante la noche avivando el fuego para asegurarse que se mantuviera encendido\u201d, a\u00f1ade el relato.<\/p>\n<p>\u201cAsimismo, desde el 3 al 6 de junio de 2023, por solicitud expresa de Marcela Acu\u00f1a, Fabiana Gonz\u00e1lez, quien era su persona de confianza, se present\u00f3 en distintas ocasiones en su residencia familiar situada en Santa Mar\u00eda de Oro 1460 de Resistencia a fin de limpiar \u00e1reas espec\u00edficas de la casa y gestionar la donaci\u00f3n y traslado de una cama y un colch\u00f3n que conten\u00edan restos de sangre de Cecilia, todo ello con el prop\u00f3sito de hacer desaparecer cualquier elemento inculpable\u201d.<\/p>\n<p>\u201cAdem\u00e1s, el 6 de junio de 2023, entre las 14.25 y las 14.42, Jos\u00e9 Gustavo Obreg\u00f3n se dirigi\u00f3 al supermercado Carrefour, ubicado en la intersecci\u00f3n de las avenidas Lavalle y \u00c1valos de Resistencia, donde compr\u00f3 bolsas de consorcio. Seguidamente se traslad\u00f3 al campo Rossi y utiliz\u00f3 las mismas con la finalidad de eliminar nuevamente evidencia incriminatoria. Todas estas acciones no habr\u00edan sido posibles sin la colaboraci\u00f3n esencial y activa de Emerenciano Sena y Marcela Acu\u00f1a\u201d, finaliza la teor\u00eda del caso que establece ahora el Equipo Fiscal Especial, conformado por Nelia Vel\u00e1zquez, Mart\u00edn Bogado y Jorge C\u00e1ceres Olivera.<\/p>\n<p> CHACO DIA POR DIA.-<\/p><\/div>\n","protected":false},"excerpt":{"rendered":"<p>En un giro sorpresivo de la causa, el Equipo Fiscal Especial que investiga el femicidio de Cecilia Strzyzowski cit\u00f3 en la ma\u00f1ana de este lunes a C\u00e9sar Sena a quien se le ley\u00f3 la nueva imputaci\u00f3n en su contra. Con esta modificaci\u00f3n, los fiscales ahora sostienen que sus padres, Emerenciano y Marcela Acu\u00f1a, no fueron [&hellip;]<\/p>\n","protected":false},"author":1,"featured_media":33034,"comment_status":"closed","ping_status":"closed","sticky":false,"template":"","format":"standard","meta":{"footnotes":""},"categories":[6],"tags":[],"class_list":{"0":"post-33033","1":"post","2":"type-post","3":"status-publish","4":"format-standard","5":"has-post-thumbnail","7":"category-chaco"},"_links":{"self":[{"href":"https:\/\/chacosintesis.com.ar\/index.php\/wp-json\/wp\/v2\/posts\/33033","targetHints":{"allow":["GET"]}}],"collection":[{"href":"https:\/\/chacosintesis.com.ar\/index.php\/wp-json\/wp\/v2\/posts"}],"about":[{"href":"https:\/\/chacosintesis.com.ar\/index.php\/wp-json\/wp\/v2\/types\/post"}],"author":[{"embeddable":true,"href":"https:\/\/chacosintesis.com.ar\/index.php\/wp-json\/wp\/v2\/users\/1"}],"replies":[{"embeddable":true,"href":"https:\/\/chacosintesis.com.ar\/index.php\/wp-json\/wp\/v2\/comments?post=33033"}],"version-history":[{"count":0,"href":"https:\/\/chacosintesis.com.ar\/index.php\/wp-json\/wp\/v2\/posts\/33033\/revisions"}],"wp:featuredmedia":[{"embeddable":true,"href":"https:\/\/chacosintesis.com.ar\/index.php\/wp-json\/wp\/v2\/media\/33034"}],"wp:attachment":[{"href":"https:\/\/chacosintesis.com.ar\/index.php\/wp-json\/wp\/v2\/media?parent=33033"}],"wp:term":[{"taxonomy":"category","embeddable":true,"href":"https:\/\/chacosintesis.com.ar\/index.php\/wp-json\/wp\/v2\/categories?post=33033"},{"taxonomy":"post_tag","embeddable":true,"href":"https:\/\/chacosintesis.com.ar\/index.php\/wp-json\/wp\/v2\/tags?post=33033"}],"curies":[{"name":"wp","href":"https:\/\/api.w.org\/{rel}","templated":true}]}}