{"id":33025,"date":"2024-04-29T12:25:16","date_gmt":"2024-04-29T15:25:16","guid":{"rendered":"http:\/\/chacosintesis.com.ar\/?p=33025"},"modified":"2024-04-29T12:30:28","modified_gmt":"2024-04-29T15:30:28","slug":"saenz-pena-los-adultos-mayores-celebraron-sus-cumpleanos-en-el-complejo-ecologico","status":"publish","type":"post","link":"https:\/\/chacosintesis.com.ar\/index.php\/saenz-pena-los-adultos-mayores-celebraron-sus-cumpleanos-en-el-complejo-ecologico\/","title":{"rendered":"S\u00e1enz Pe\u00f1a: Los Adultos Mayores celebraron sus cumplea\u00f1os en el Complejo Ecol\u00f3gico"},"content":{"rendered":"<div class=\"postie-post\">Con almuerzo, baile y mucha diversi\u00f3n el \u00c1rea de Adultos Mayores celebr\u00f3 el cumplea\u00f1os de quienes cumplieron a\u00f1os durante los primeros meses del a\u00f1o 2024.<\/p>\n<p> Durante la jornada del s\u00e1bado los Adultos Mayores que participan de las actividades organizadas por el municipio, celebraron sus cumplea\u00f1os con un almuerzo a la canasta, animadores y baile.<\/p>\n<p><img decoding=\"async\" src=\"data:image\/gif;base64,R0lGODlhAQABAIAAAAAAAP\/\/\/ywAAAAAAQABAAACAUwAOw==\" fifu-lazy=\"1\" fifu-data-sizes=\"auto\" fifu-data-srcset=\"https:\/\/i0.wp.com\/chacosintesis.com.ar\/wp-content\/uploads\/2024\/04\/WhatsApp-Image-2024-04-27-at-17.53.10-800x533.jpeg?ssl=1&w=75&resize=75&ssl=1 75w, https:\/\/i0.wp.com\/chacosintesis.com.ar\/wp-content\/uploads\/2024\/04\/WhatsApp-Image-2024-04-27-at-17.53.10-800x533.jpeg?ssl=1&w=100&resize=100&ssl=1 100w, https:\/\/i0.wp.com\/chacosintesis.com.ar\/wp-content\/uploads\/2024\/04\/WhatsApp-Image-2024-04-27-at-17.53.10-800x533.jpeg?ssl=1&w=150&resize=150&ssl=1 150w, https:\/\/i0.wp.com\/chacosintesis.com.ar\/wp-content\/uploads\/2024\/04\/WhatsApp-Image-2024-04-27-at-17.53.10-800x533.jpeg?ssl=1&w=240&resize=240&ssl=1 240w, https:\/\/i0.wp.com\/chacosintesis.com.ar\/wp-content\/uploads\/2024\/04\/WhatsApp-Image-2024-04-27-at-17.53.10-800x533.jpeg?ssl=1&w=320&resize=320&ssl=1 320w, https:\/\/i0.wp.com\/chacosintesis.com.ar\/wp-content\/uploads\/2024\/04\/WhatsApp-Image-2024-04-27-at-17.53.10-800x533.jpeg?ssl=1&w=500&resize=500&ssl=1 500w, https:\/\/i0.wp.com\/chacosintesis.com.ar\/wp-content\/uploads\/2024\/04\/WhatsApp-Image-2024-04-27-at-17.53.10-800x533.jpeg?ssl=1&w=640&resize=640&ssl=1 640w, https:\/\/i0.wp.com\/chacosintesis.com.ar\/wp-content\/uploads\/2024\/04\/WhatsApp-Image-2024-04-27-at-17.53.10-800x533.jpeg?ssl=1&w=800&resize=800&ssl=1 800w, https:\/\/i0.wp.com\/chacosintesis.com.ar\/wp-content\/uploads\/2024\/04\/WhatsApp-Image-2024-04-27-at-17.53.10-800x533.jpeg?ssl=1&w=1024&resize=1024&ssl=1 1024w, https:\/\/i0.wp.com\/chacosintesis.com.ar\/wp-content\/uploads\/2024\/04\/WhatsApp-Image-2024-04-27-at-17.53.10-800x533.jpeg?ssl=1&w=1280&resize=1280&ssl=1 1280w, https:\/\/i0.wp.com\/chacosintesis.com.ar\/wp-content\/uploads\/2024\/04\/WhatsApp-Image-2024-04-27-at-17.53.10-800x533.jpeg?ssl=1&w=1600&resize=1600&ssl=1 1600w\" fifu-data-src=\"https:\/\/i0.wp.com\/chacosintesis.com.ar\/wp-content\/uploads\/2024\/04\/WhatsApp-Image-2024-04-27-at-17.53.10-800x533.jpeg?ssl=1\" alt=\"\" width=\"800px\" height=\"533px\" class=\"alignnone size-medium wp-image-33027\" \/><\/p>\n<p>Ana Bonillo, responsable del \u00e1rea coment\u00f3 que fue una jornada para confraternizar y disfrutar entre amigos, adem\u00e1s de brindar a los Adultos Mayores la posibilidad de celebrar la vida.<\/p>\n<p>Desde el Municipio es importante reconocer la importancia de brindar apoyo y protecci\u00f3n a esta poblaci\u00f3n, garantizando desde el estado local, que puedan disfrutar de una vida digna y plena en su etapa de vejez.<br \/>\n <img decoding=\"async\" src=\"data:image\/gif;base64,R0lGODlhAQABAIAAAAAAAP\/\/\/ywAAAAAAQABAAACAUwAOw==\" fifu-lazy=\"1\" fifu-data-sizes=\"auto\" fifu-data-srcset=\"https:\/\/i3.wp.com\/chacosintesis.com.ar\/wp-content\/uploads\/2024\/04\/WhatsApp-Image-2024-04-27-at-17.53.21-800x533.jpeg?ssl=1&w=75&resize=75&ssl=1 75w, https:\/\/i3.wp.com\/chacosintesis.com.ar\/wp-content\/uploads\/2024\/04\/WhatsApp-Image-2024-04-27-at-17.53.21-800x533.jpeg?ssl=1&w=100&resize=100&ssl=1 100w, https:\/\/i3.wp.com\/chacosintesis.com.ar\/wp-content\/uploads\/2024\/04\/WhatsApp-Image-2024-04-27-at-17.53.21-800x533.jpeg?ssl=1&w=150&resize=150&ssl=1 150w, https:\/\/i3.wp.com\/chacosintesis.com.ar\/wp-content\/uploads\/2024\/04\/WhatsApp-Image-2024-04-27-at-17.53.21-800x533.jpeg?ssl=1&w=240&resize=240&ssl=1 240w, https:\/\/i3.wp.com\/chacosintesis.com.ar\/wp-content\/uploads\/2024\/04\/WhatsApp-Image-2024-04-27-at-17.53.21-800x533.jpeg?ssl=1&w=320&resize=320&ssl=1 320w, https:\/\/i3.wp.com\/chacosintesis.com.ar\/wp-content\/uploads\/2024\/04\/WhatsApp-Image-2024-04-27-at-17.53.21-800x533.jpeg?ssl=1&w=500&resize=500&ssl=1 500w, https:\/\/i3.wp.com\/chacosintesis.com.ar\/wp-content\/uploads\/2024\/04\/WhatsApp-Image-2024-04-27-at-17.53.21-800x533.jpeg?ssl=1&w=640&resize=640&ssl=1 640w, https:\/\/i3.wp.com\/chacosintesis.com.ar\/wp-content\/uploads\/2024\/04\/WhatsApp-Image-2024-04-27-at-17.53.21-800x533.jpeg?ssl=1&w=800&resize=800&ssl=1 800w, https:\/\/i3.wp.com\/chacosintesis.com.ar\/wp-content\/uploads\/2024\/04\/WhatsApp-Image-2024-04-27-at-17.53.21-800x533.jpeg?ssl=1&w=1024&resize=1024&ssl=1 1024w, https:\/\/i3.wp.com\/chacosintesis.com.ar\/wp-content\/uploads\/2024\/04\/WhatsApp-Image-2024-04-27-at-17.53.21-800x533.jpeg?ssl=1&w=1280&resize=1280&ssl=1 1280w, https:\/\/i3.wp.com\/chacosintesis.com.ar\/wp-content\/uploads\/2024\/04\/WhatsApp-Image-2024-04-27-at-17.53.21-800x533.jpeg?ssl=1&w=1600&resize=1600&ssl=1 1600w\" fifu-data-src=\"https:\/\/i3.wp.com\/chacosintesis.com.ar\/wp-content\/uploads\/2024\/04\/WhatsApp-Image-2024-04-27-at-17.53.21-800x533.jpeg?ssl=1\" alt=\"\" width=\"800px\" height=\"533px\" class=\"alignnone size-medium wp-image-33028\" \/><\/p>\n<p> Los interesados en participar de las actividades organizadas por el \u00e1rea pueden acercarse a las oficinas ubicadas en avenida Carlos Gardel y calle 24 del barrio Primero de Mayo o bien comunicarse al 3644-523941.<\/p><\/div>\n","protected":false},"excerpt":{"rendered":"<p>Con almuerzo, baile y mucha diversi\u00f3n el \u00c1rea de Adultos Mayores celebr\u00f3 el cumplea\u00f1os de quienes cumplieron a\u00f1os durante los primeros meses del a\u00f1o 2024. Durante la jornada del s\u00e1bado los Adultos Mayores que participan de las actividades organizadas por el municipio, celebraron sus cumplea\u00f1os con un almuerzo a la canasta, animadores y baile. Ana [&hellip;]<\/p>\n","protected":false},"author":1,"featured_media":33026,"comment_status":"closed","ping_status":"closed","sticky":false,"template":"","format":"standard","meta":{"footnotes":""},"categories":[6],"tags":[],"class_list":{"0":"post-33025","1":"post","2":"type-post","3":"status-publish","4":"format-standard","5":"has-post-thumbnail","7":"category-chaco"},"_links":{"self":[{"href":"https:\/\/chacosintesis.com.ar\/index.php\/wp-json\/wp\/v2\/posts\/33025","targetHints":{"allow":["GET"]}}],"collection":[{"href":"https:\/\/chacosintesis.com.ar\/index.php\/wp-json\/wp\/v2\/posts"}],"about":[{"href":"https:\/\/chacosintesis.com.ar\/index.php\/wp-json\/wp\/v2\/types\/post"}],"author":[{"embeddable":true,"href":"https:\/\/chacosintesis.com.ar\/index.php\/wp-json\/wp\/v2\/users\/1"}],"replies":[{"embeddable":true,"href":"https:\/\/chacosintesis.com.ar\/index.php\/wp-json\/wp\/v2\/comments?post=33025"}],"version-history":[{"count":0,"href":"https:\/\/chacosintesis.com.ar\/index.php\/wp-json\/wp\/v2\/posts\/33025\/revisions"}],"wp:featuredmedia":[{"embeddable":true,"href":"https:\/\/chacosintesis.com.ar\/index.php\/wp-json\/wp\/v2\/media\/33026"}],"wp:attachment":[{"href":"https:\/\/chacosintesis.com.ar\/index.php\/wp-json\/wp\/v2\/media?parent=33025"}],"wp:term":[{"taxonomy":"category","embeddable":true,"href":"https:\/\/chacosintesis.com.ar\/index.php\/wp-json\/wp\/v2\/categories?post=33025"},{"taxonomy":"post_tag","embeddable":true,"href":"https:\/\/chacosintesis.com.ar\/index.php\/wp-json\/wp\/v2\/tags?post=33025"}],"curies":[{"name":"wp","href":"https:\/\/api.w.org\/{rel}","templated":true}]}}