{"id":33010,"date":"2024-04-29T08:39:20","date_gmt":"2024-04-29T11:39:20","guid":{"rendered":"https:\/\/chacosintesis.com.ar\/?p=33010"},"modified":"2024-04-29T08:40:22","modified_gmt":"2024-04-29T11:40:22","slug":"hoy-lunes-comienza-el-pago-para-la-administracion-publica","status":"publish","type":"post","link":"https:\/\/chacosintesis.com.ar\/index.php\/hoy-lunes-comienza-el-pago-para-la-administracion-publica\/","title":{"rendered":"Hoy lunes comienza el pago para la administraci\u00f3n p\u00fablica"},"content":{"rendered":"<div class=\"postie-post\">Hoy, lunes 29, comienza el cronograma con el pago para pasivos, por cajero, desde las 21 Hs y ma\u00f1ana cobrar\u00e1n por ventanilla. Tambi\u00e9n ma\u00f1ana, martes 30, ser\u00e1 el turno para el sector activo, por cajero desde las 21 Hs.<\/p>\n<p> Los sueldos ser\u00e1n depositados con el 13% de aumento correspondiente a la pauta general.<\/p>\n<p> Por su parte, el sector docente tambi\u00e9n cobrar\u00e1 la Cl\u00e1usula Gatillo, tal cual se anunciara oportunamente.<\/p>\n<p>Aumento de sueldos del 51,62% para los empleados p\u00fablicos entre mayo y julio<br \/>\nEl Gobernador Zdero adem\u00e1s anunci\u00f3 (la semana pasada) que: \u201cComo consecuencia de una gesti\u00f3n bien administrada\u201d, y con el fin de mantener el poder adquisitivo de los empleados p\u00fablicos se ha dispuesto adem\u00e1s, un aumento de los sueldos en forma escalonada y acumulativa, para el tramo mayo-julio:<br \/>\n &#8211; el 15% para el mes de MAYO &#8211; \u2060el 15% para el mes de JUNIO &#8211; \u2060el 14,65% para el mes de JULIO<\/p>\n<p>Logrando de esa manera un incremento del 51,62% en el trimestre mayo &#8211; junio &#8211; julio, y teniendo en cuenta la pauta trimestral pasada del 53,34 se logra un incremento del 132,4 % respecto a diciembre de 2023.<br \/>\n Dentro de este incremento salarial se encuentran incluidos personal de Salud y Polic\u00eda.<\/p><\/div>\n","protected":false},"excerpt":{"rendered":"<p>Hoy, lunes 29, comienza el cronograma con el pago para pasivos, por cajero, desde las 21 Hs y ma\u00f1ana cobrar\u00e1n por ventanilla. Tambi\u00e9n ma\u00f1ana, martes 30, ser\u00e1 el turno para el sector activo, por cajero desde las 21 Hs. Los sueldos ser\u00e1n depositados con el 13% de aumento correspondiente a la pauta general. Por su [&hellip;]<\/p>\n","protected":false},"author":1,"featured_media":33011,"comment_status":"closed","ping_status":"closed","sticky":false,"template":"","format":"standard","meta":{"footnotes":""},"categories":[6],"tags":[],"class_list":{"0":"post-33010","1":"post","2":"type-post","3":"status-publish","4":"format-standard","5":"has-post-thumbnail","7":"category-chaco"},"_links":{"self":[{"href":"https:\/\/chacosintesis.com.ar\/index.php\/wp-json\/wp\/v2\/posts\/33010","targetHints":{"allow":["GET"]}}],"collection":[{"href":"https:\/\/chacosintesis.com.ar\/index.php\/wp-json\/wp\/v2\/posts"}],"about":[{"href":"https:\/\/chacosintesis.com.ar\/index.php\/wp-json\/wp\/v2\/types\/post"}],"author":[{"embeddable":true,"href":"https:\/\/chacosintesis.com.ar\/index.php\/wp-json\/wp\/v2\/users\/1"}],"replies":[{"embeddable":true,"href":"https:\/\/chacosintesis.com.ar\/index.php\/wp-json\/wp\/v2\/comments?post=33010"}],"version-history":[{"count":0,"href":"https:\/\/chacosintesis.com.ar\/index.php\/wp-json\/wp\/v2\/posts\/33010\/revisions"}],"wp:featuredmedia":[{"embeddable":true,"href":"https:\/\/chacosintesis.com.ar\/index.php\/wp-json\/wp\/v2\/media\/33011"}],"wp:attachment":[{"href":"https:\/\/chacosintesis.com.ar\/index.php\/wp-json\/wp\/v2\/media?parent=33010"}],"wp:term":[{"taxonomy":"category","embeddable":true,"href":"https:\/\/chacosintesis.com.ar\/index.php\/wp-json\/wp\/v2\/categories?post=33010"},{"taxonomy":"post_tag","embeddable":true,"href":"https:\/\/chacosintesis.com.ar\/index.php\/wp-json\/wp\/v2\/tags?post=33010"}],"curies":[{"name":"wp","href":"https:\/\/api.w.org\/{rel}","templated":true}]}}