{"id":33002,"date":"2024-04-29T08:00:00","date_gmt":"2024-04-29T11:00:00","guid":{"rendered":"https:\/\/chacosintesis.com.ar\/?p=33002"},"modified":"2024-04-29T08:05:45","modified_gmt":"2024-04-29T11:05:45","slug":"por-ley-aumentaron-los-montos-que-perciben-los-beneficiarios-de-los-programas-papro-y-pam","status":"publish","type":"post","link":"https:\/\/chacosintesis.com.ar\/index.php\/por-ley-aumentaron-los-montos-que-perciben-los-beneficiarios-de-los-programas-papro-y-pam\/","title":{"rendered":"Por ley, aumentaron los montos que perciben los beneficiarios de los programas PAPRO y PAM"},"content":{"rendered":"<div class=\"postie-post\">El tope impuesto por ley ser\u00e1 de $150.000 para los trabajadores que ven\u00edan percibiendo $70.000 por sus servicios. Si bien en el debate legislativo reconocieron que todav\u00eda es insuficiente \u201cen un contexto de inflaci\u00f3n y crisis contundente\u201d, la normativa les garantiza la cobertura de salud y riesgo de accidente de trabajo.<\/p>\n<p>La legislatura provincial sancion\u00f3 la ley modificaci\u00f3n del art\u00edculo 17 de la ley N\u00ba 3792-H, para actualizar el monto que perciben los trabajadores beneficiaros de los programas de ayuda provincial y municipal (PAPRO y PAM) que pasaran de cobrar $ 70.000 a $ 150.000.<br \/>\n\u201cEsta ley tiene 24 a\u00f1os de vigencia y vaya que ser\u00e1 importante para nuestros municipios. Es una herramienta muy \u00fatil, muy necesaria, y obliga a los municipios a garantizar a los beneficiarios la cobertura de salud y riesgo de accidente de trabajo\u201d, destac\u00f3 en su alocuci\u00f3n el diputado justicialista Rub\u00e9n Guill\u00f3n, quien recalc\u00f3 que, \u201csi bien es cierto que el monto mensual es todav\u00eda insipiente en un contexto de inflaci\u00f3n y crisis contundente permite al beneficiario estar cubierto\u201d.<br \/>\nAl referirse a este universo de trabajadores, coment\u00f3 que \u201cson las personas que encontramos barriendo, haciendo trabajos sociales, t\u00e9cnicos, pintando\u201d y explic\u00f3 que \u201cse recurre a esta figura para dar a una respuesta r\u00e1pida a la crisis laboral y para erradicar la informalidad laboral, el trabajo en negro\u201d.<br \/>\nEn ese sentido, agradeci\u00f3 a los presidentes y diputados miembros de las Comisiones de Hacienda y Presupuesto y de Legislaci\u00f3n General que acompa\u00f1aron con despacho un\u00e1nime el proyecto para que pueda incorporarse a la agenda parlamentaria.<br \/>\nDesde el oficialismo de Juntos por el Cambio, el diputado Dar\u00edo Vargas, destac\u00f3 que \u201cla ley viene a cubrir un vac\u00edo legal. Creo que vamos a avanzar, si bien no cubre la canasta m\u00ednima vamos a darle una cobertura que se trasforma por primera vez en un reconocimiento al trabajador municipal\u201d.<br \/>\nCon la modificaci\u00f3n, el art\u00edculo 17 queda redactado de la siguiente manera: \u201cLos municipios quedar\u00e1n exceptuados de realizar aportes y contribuciones por las ayudas sociales que otorguen hasta el monto m\u00e1ximo de Pesos Ciento Cincuenta Mil ($ 150.000), a personas desocupadas que no fueren beneficiarias de becas, jubilaciones, ayudas econ\u00f3micas, pensiones o retiros de cualquier jurisdicci\u00f3n p\u00fablica o privada y por las que hubieren concedido con anterioridad a esta ley.<br \/>\nLos recursos para financiar su erogaci\u00f3n podr\u00e1n ser de origen Municipal, Provincial o Nacional\u201d.<\/p><\/div>\n","protected":false},"excerpt":{"rendered":"<p>El tope impuesto por ley ser\u00e1 de $150.000 para los trabajadores que ven\u00edan percibiendo $70.000 por sus servicios. Si bien en el debate legislativo reconocieron que todav\u00eda es insuficiente \u201cen un contexto de inflaci\u00f3n y crisis contundente\u201d, la normativa les garantiza la cobertura de salud y riesgo de accidente de trabajo. La legislatura provincial sancion\u00f3 [&hellip;]<\/p>\n","protected":false},"author":1,"featured_media":33003,"comment_status":"closed","ping_status":"closed","sticky":false,"template":"","format":"standard","meta":{"footnotes":""},"categories":[6],"tags":[],"class_list":{"0":"post-33002","1":"post","2":"type-post","3":"status-publish","4":"format-standard","5":"has-post-thumbnail","7":"category-chaco"},"_links":{"self":[{"href":"https:\/\/chacosintesis.com.ar\/index.php\/wp-json\/wp\/v2\/posts\/33002","targetHints":{"allow":["GET"]}}],"collection":[{"href":"https:\/\/chacosintesis.com.ar\/index.php\/wp-json\/wp\/v2\/posts"}],"about":[{"href":"https:\/\/chacosintesis.com.ar\/index.php\/wp-json\/wp\/v2\/types\/post"}],"author":[{"embeddable":true,"href":"https:\/\/chacosintesis.com.ar\/index.php\/wp-json\/wp\/v2\/users\/1"}],"replies":[{"embeddable":true,"href":"https:\/\/chacosintesis.com.ar\/index.php\/wp-json\/wp\/v2\/comments?post=33002"}],"version-history":[{"count":0,"href":"https:\/\/chacosintesis.com.ar\/index.php\/wp-json\/wp\/v2\/posts\/33002\/revisions"}],"wp:featuredmedia":[{"embeddable":true,"href":"https:\/\/chacosintesis.com.ar\/index.php\/wp-json\/wp\/v2\/media\/33003"}],"wp:attachment":[{"href":"https:\/\/chacosintesis.com.ar\/index.php\/wp-json\/wp\/v2\/media?parent=33002"}],"wp:term":[{"taxonomy":"category","embeddable":true,"href":"https:\/\/chacosintesis.com.ar\/index.php\/wp-json\/wp\/v2\/categories?post=33002"},{"taxonomy":"post_tag","embeddable":true,"href":"https:\/\/chacosintesis.com.ar\/index.php\/wp-json\/wp\/v2\/tags?post=33002"}],"curies":[{"name":"wp","href":"https:\/\/api.w.org\/{rel}","templated":true}]}}