{"id":32997,"date":"2024-04-28T21:35:42","date_gmt":"2024-04-29T00:35:42","guid":{"rendered":"https:\/\/chacosintesis.com.ar\/?p=32997"},"modified":"2024-04-28T21:40:38","modified_gmt":"2024-04-29T00:40:38","slug":"la-foto-de-los-sena-allanaron-el-complejo-penitenciario-e-incautaron-videos-y-acta","status":"publish","type":"post","link":"https:\/\/chacosintesis.com.ar\/index.php\/la-foto-de-los-sena-allanaron-el-complejo-penitenciario-e-incautaron-videos-y-acta\/","title":{"rendered":"La foto de los Sena: allanaron el Complejo Penitenciario e incautaron videos y acta"},"content":{"rendered":"<div class=\"postie-post\">Tras la escandalosa reuni\u00f3n entre C\u00e9sar y su padre Emerenciano Sena el jueves pasado, cuya imagen divulg\u00f3 NORTE, la Justicia chaque\u00f1a orden\u00f3 un allanamiento en el establecimiento carcelario a solicitud del fiscal Jorge C\u00e1ceres Olivera, qui\u00e9n supervis\u00f3 el procedimiento.<\/p>\n<p>Los agentes de Cibercrimen e Investigaciones Complejas de la Polic\u00eda del Chaco, llegaron a la c\u00e1rcel de Villa Barber\u00e1n con una orden de la jueza de Garant\u00edas N\u00ba3 Beatriz Zozzoli y se llevaron los videos y copia certificada del libro de novedades para analizar quienes estuvieron en el sector de las celdas preventivas, donde est\u00e1n los dos imputados.<br \/>\nLas c\u00e1maras de seguridad ser\u00e1n clave para determinar la posible responsabilidad de las autoridades y del personal del Complejo I de Resistencia que permiti\u00f3 la reuni\u00f3n entre los Sena, pese a regir una prohibici\u00f3n de vinculaci\u00f3n entre los presuntos asesinos de la joven de 28 a\u00f1os.<\/p>\n<p>Un fallo de la C\u00e1mara de Apelaciones en lo Criminal y Correccional estableci\u00f3 la medida oportunamente tras un h\u00e1beas corpus tramitado por Marcela Acu\u00f1a, revocando los encuentros programados por los tres integrantes del clan que espera conocer pr\u00f3ximamente la elevaci\u00f3n a juicio por jurados.<br \/>\nPara eso, los acusados de dise\u00f1ar un plan y matar a Cecilia de 28 a\u00f1os, el jueves 2 y viernes 3 de mayo, ser\u00e1n traslados a la fiscal\u00eda , para ampliar la declaraci\u00f3n de imputados. Una vez conclu\u00eddo este tr\u00e1mite, el Equipo Fiscal Especial, realizar\u00e1 el requerimiento de la elevaci\u00f3n a juicio.<\/p>\n<p> El informe reservado  y la imagen del revuelo<br \/>\nLa reuni\u00f3n de una hora entre padre e hijo, se produjo en un encuentro de ambos con sus abogados defensores, y el momento capturado fue publicado por NORTE, originando un desconcierto entre los fiscales . En un informe reservado, al que accedi\u00f3 este diario, que lleva la firma del Director General de Seguridad y Criminolog\u00eda, Alcaide General Walter Ariel Bag\u00e1toli, el Servicio Penitenciario Provincial (SPP), admite haberse enterado del incidente a trav\u00e9s de NORTE.<br \/>\n&#8220;Se tom\u00f3 conocimiento, aproximadamente a las 19:45 horas, a trav\u00e9s de redes sociales, espec\u00edficamente el portal Diario Norte, sobre la presunta presencia conjunta de los internos Sena Emerenciano (padre) y Sena C\u00e9sar Mario Alejandro (hijo), ambos detenidos actualmente en el Complejo Penitenciario I, ubicado en calle Ushuaia S\/N de esta ciudad. Para verificar la veracidad de esta informaci\u00f3n, se realiz\u00f3 una llamada telef\u00f3nica al Alcaide Diego Jos\u00e9 L\u00f3pez, Segundo Jefe del Complejo Penitenciario I, quien inform\u00f3 desconocer tal novedad y se comprometi\u00f3 a investigar el incidente&#8221;, comunic\u00f3 Bag\u00e1toli al Ministerio P\u00fablico.<\/p>\n<p>DIARIO NORTE.-<\/p>\n<div class=\"postie-attachments\"><img decoding=\"async\" src=\"data:image\/gif;base64,R0lGODlhAQABAIAAAAAAAP\/\/\/ywAAAAAAQABAAACAUwAOw==\" fifu-lazy=\"1\" fifu-data-sizes=\"auto\" fifu-data-srcset=\"https:\/\/i0.wp.com\/chacosintesis.com.ar\/wp-content\/uploads\/2024\/04\/361574w790h593c.jpg.jpg?ssl=1&w=75&resize=75&ssl=1 75w, https:\/\/i0.wp.com\/chacosintesis.com.ar\/wp-content\/uploads\/2024\/04\/361574w790h593c.jpg.jpg?ssl=1&w=100&resize=100&ssl=1 100w, https:\/\/i0.wp.com\/chacosintesis.com.ar\/wp-content\/uploads\/2024\/04\/361574w790h593c.jpg.jpg?ssl=1&w=150&resize=150&ssl=1 150w, https:\/\/i0.wp.com\/chacosintesis.com.ar\/wp-content\/uploads\/2024\/04\/361574w790h593c.jpg.jpg?ssl=1&w=240&resize=240&ssl=1 240w, https:\/\/i0.wp.com\/chacosintesis.com.ar\/wp-content\/uploads\/2024\/04\/361574w790h593c.jpg.jpg?ssl=1&w=320&resize=320&ssl=1 320w, https:\/\/i0.wp.com\/chacosintesis.com.ar\/wp-content\/uploads\/2024\/04\/361574w790h593c.jpg.jpg?ssl=1&w=500&resize=500&ssl=1 500w, https:\/\/i0.wp.com\/chacosintesis.com.ar\/wp-content\/uploads\/2024\/04\/361574w790h593c.jpg.jpg?ssl=1&w=640&resize=640&ssl=1 640w, https:\/\/i0.wp.com\/chacosintesis.com.ar\/wp-content\/uploads\/2024\/04\/361574w790h593c.jpg.jpg?ssl=1&w=800&resize=800&ssl=1 800w, https:\/\/i0.wp.com\/chacosintesis.com.ar\/wp-content\/uploads\/2024\/04\/361574w790h593c.jpg.jpg?ssl=1&w=1024&resize=1024&ssl=1 1024w, https:\/\/i0.wp.com\/chacosintesis.com.ar\/wp-content\/uploads\/2024\/04\/361574w790h593c.jpg.jpg?ssl=1&w=1280&resize=1280&ssl=1 1280w, https:\/\/i0.wp.com\/chacosintesis.com.ar\/wp-content\/uploads\/2024\/04\/361574w790h593c.jpg.jpg?ssl=1&w=1600&resize=1600&ssl=1 1600w\" fifu-data-src=\"https:\/\/i0.wp.com\/chacosintesis.com.ar\/wp-content\/uploads\/2024\/04\/361574w790h593c.jpg.jpg?ssl=1\" alt=\"\" width=\"790px\" height=\"593px\" class=\"alignnone size-medium wp-image-32999\" \/><\/div>\n<\/div>\n","protected":false},"excerpt":{"rendered":"<p>Tras la escandalosa reuni\u00f3n entre C\u00e9sar y su padre Emerenciano Sena el jueves pasado, cuya imagen divulg\u00f3 NORTE, la Justicia chaque\u00f1a orden\u00f3 un allanamiento en el establecimiento carcelario a solicitud del fiscal Jorge C\u00e1ceres Olivera, qui\u00e9n supervis\u00f3 el procedimiento. Los agentes de Cibercrimen e Investigaciones Complejas de la Polic\u00eda del Chaco, llegaron a la c\u00e1rcel [&hellip;]<\/p>\n","protected":false},"author":1,"featured_media":32998,"comment_status":"closed","ping_status":"closed","sticky":false,"template":"","format":"standard","meta":{"footnotes":""},"categories":[6],"tags":[],"class_list":{"0":"post-32997","1":"post","2":"type-post","3":"status-publish","4":"format-standard","5":"has-post-thumbnail","7":"category-chaco"},"_links":{"self":[{"href":"https:\/\/chacosintesis.com.ar\/index.php\/wp-json\/wp\/v2\/posts\/32997","targetHints":{"allow":["GET"]}}],"collection":[{"href":"https:\/\/chacosintesis.com.ar\/index.php\/wp-json\/wp\/v2\/posts"}],"about":[{"href":"https:\/\/chacosintesis.com.ar\/index.php\/wp-json\/wp\/v2\/types\/post"}],"author":[{"embeddable":true,"href":"https:\/\/chacosintesis.com.ar\/index.php\/wp-json\/wp\/v2\/users\/1"}],"replies":[{"embeddable":true,"href":"https:\/\/chacosintesis.com.ar\/index.php\/wp-json\/wp\/v2\/comments?post=32997"}],"version-history":[{"count":0,"href":"https:\/\/chacosintesis.com.ar\/index.php\/wp-json\/wp\/v2\/posts\/32997\/revisions"}],"wp:featuredmedia":[{"embeddable":true,"href":"https:\/\/chacosintesis.com.ar\/index.php\/wp-json\/wp\/v2\/media\/32998"}],"wp:attachment":[{"href":"https:\/\/chacosintesis.com.ar\/index.php\/wp-json\/wp\/v2\/media?parent=32997"}],"wp:term":[{"taxonomy":"category","embeddable":true,"href":"https:\/\/chacosintesis.com.ar\/index.php\/wp-json\/wp\/v2\/categories?post=32997"},{"taxonomy":"post_tag","embeddable":true,"href":"https:\/\/chacosintesis.com.ar\/index.php\/wp-json\/wp\/v2\/tags?post=32997"}],"curies":[{"name":"wp","href":"https:\/\/api.w.org\/{rel}","templated":true}]}}