{"id":32992,"date":"2024-04-28T21:21:46","date_gmt":"2024-04-29T00:21:46","guid":{"rendered":"https:\/\/chacosintesis.com.ar\/?p=32992"},"modified":"2024-04-28T21:26:23","modified_gmt":"2024-04-29T00:26:23","slug":"saenz-pena-el-miercoles-1-de-mayo-no-habra-recoleccion-de-residuos","status":"publish","type":"post","link":"https:\/\/chacosintesis.com.ar\/index.php\/saenz-pena-el-miercoles-1-de-mayo-no-habra-recoleccion-de-residuos\/","title":{"rendered":"S\u00e1enz Pe\u00f1a: El mi\u00e9rcoles 1 de mayo no habr\u00e1 recolecci\u00f3n de residuos"},"content":{"rendered":"<div class=\"postie-post\">Al conmemorarse el  mi\u00e9rcoles 1 de mayo el D\u00eda Internacional del Trabajador, la Secretar\u00eda de Servicios P\u00fablicos de la municipalidad informa que ese d\u00eda no habr\u00e1 servicio de recolecci\u00f3n de residuos. En tal sentido el cronograma de recolecci\u00f3n  de la semana del 29  de abril al 3 de mayo ser\u00e1 de la siguiente manera:<br \/>\nLunes 29 de abril: Residuos comunes<br \/>\nMartes 30 de abril: Recolecci\u00f3n de Reciclables<br \/>\nMi\u00e9rcoles 1 de mayo: SIN SERVICIO<br \/>\nJueves 2 de mayo: Residuos comunes<br \/>\nViernes 3 de mayo: Residuos comunes<br \/>\nS\u00e1bado y domingo: SIN SERVICIO<br \/>\nSe solicita a los vecinos respetar los d\u00edas y horarios de recolecci\u00f3n a fin de colaborar con la limpieza de la ciudad.<\/div>\n","protected":false},"excerpt":{"rendered":"<p>Al conmemorarse el mi\u00e9rcoles 1 de mayo el D\u00eda Internacional del Trabajador, la Secretar\u00eda de Servicios P\u00fablicos de la municipalidad informa que ese d\u00eda no habr\u00e1 servicio de recolecci\u00f3n de residuos. En tal sentido el cronograma de recolecci\u00f3n de la semana del 29 de abril al 3 de mayo ser\u00e1 de la siguiente manera: Lunes [&hellip;]<\/p>\n","protected":false},"author":1,"featured_media":32993,"comment_status":"closed","ping_status":"closed","sticky":false,"template":"","format":"standard","meta":{"footnotes":""},"categories":[6],"tags":[],"class_list":{"0":"post-32992","1":"post","2":"type-post","3":"status-publish","4":"format-standard","5":"has-post-thumbnail","7":"category-chaco"},"_links":{"self":[{"href":"https:\/\/chacosintesis.com.ar\/index.php\/wp-json\/wp\/v2\/posts\/32992","targetHints":{"allow":["GET"]}}],"collection":[{"href":"https:\/\/chacosintesis.com.ar\/index.php\/wp-json\/wp\/v2\/posts"}],"about":[{"href":"https:\/\/chacosintesis.com.ar\/index.php\/wp-json\/wp\/v2\/types\/post"}],"author":[{"embeddable":true,"href":"https:\/\/chacosintesis.com.ar\/index.php\/wp-json\/wp\/v2\/users\/1"}],"replies":[{"embeddable":true,"href":"https:\/\/chacosintesis.com.ar\/index.php\/wp-json\/wp\/v2\/comments?post=32992"}],"version-history":[{"count":0,"href":"https:\/\/chacosintesis.com.ar\/index.php\/wp-json\/wp\/v2\/posts\/32992\/revisions"}],"wp:featuredmedia":[{"embeddable":true,"href":"https:\/\/chacosintesis.com.ar\/index.php\/wp-json\/wp\/v2\/media\/32993"}],"wp:attachment":[{"href":"https:\/\/chacosintesis.com.ar\/index.php\/wp-json\/wp\/v2\/media?parent=32992"}],"wp:term":[{"taxonomy":"category","embeddable":true,"href":"https:\/\/chacosintesis.com.ar\/index.php\/wp-json\/wp\/v2\/categories?post=32992"},{"taxonomy":"post_tag","embeddable":true,"href":"https:\/\/chacosintesis.com.ar\/index.php\/wp-json\/wp\/v2\/tags?post=32992"}],"curies":[{"name":"wp","href":"https:\/\/api.w.org\/{rel}","templated":true}]}}