{"id":32978,"date":"2024-04-26T12:18:11","date_gmt":"2024-04-26T15:18:11","guid":{"rendered":"https:\/\/chacosintesis.com.ar\/?p=32978"},"modified":"2024-04-26T12:20:21","modified_gmt":"2024-04-26T15:20:21","slug":"confirmaron-el-primer-muerto-por-coinfeccion-de-dengue-en-el-pais","status":"publish","type":"post","link":"https:\/\/chacosintesis.com.ar\/index.php\/confirmaron-el-primer-muerto-por-coinfeccion-de-dengue-en-el-pais\/","title":{"rendered":"Confirmaron el primer muerto por coinfecci\u00f3n de dengue en el pa\u00eds"},"content":{"rendered":"<div class=\"postie-post\">La v\u00edctima ten\u00eda 37 a\u00f1os y era oriunda de Chaco. Hab\u00eda contra\u00eddo dos serotipos diferentes del virus.<\/p>\n<p>Las autoridades sanitarias confirmaron la primera muerta por coinfecci\u00f3n de dengue en la Argentina. La v\u00edctima que contrajo dos serotipos diferentes del virus ten\u00eda 37 a\u00f1os y era oriunda de Chaco.<br \/>\nSeg\u00fan explicaron los especialistas, este tipo de cuadro no es com\u00fan pero tampoco se comprob\u00f3 que genere cuadros graves. Hasta el momento se conocen cuatro serotipos: DEN-1, DEN-2, DEN-3 y DEN-4 y en la Argentina se detectaron los primeros tres.<br \/>\nDesde el medio local Data Chaco informaron que el paciente estaba internado en la ciudad de Resistencia y tras un an\u00e1lisis se comprob\u00f3 que hab\u00eda contra\u00eddo los serotipos DEN-1 y el DEN-2. Este \u00faltimo es el que tuvo m\u00e1s presencia en el brote que azot\u00f3 al pa\u00eds.<\/p>\n<p>Aunque los m\u00e9dicos todav\u00eda no comunicaron c\u00f3mo el paciente contrajo este tipo de coinfecci\u00f3n, sospechan que podr\u00eda estar relacionado a que fue picado por dos mosquitos en momentos diferentes.<br \/>\nGabriel Battistella, subsecretario de Atenci\u00f3n Primaria del Ministerio de Salud de la Ciudad, habl\u00f3 con Noticias Argentinas y destac\u00f3 que no hay una promoci\u00f3n directa que contraer dos serotipos pueda agravar la enfermedad: &#8220;Hay un solo estudio de hace mucho a\u00f1os en Cuba sobre una evoluci\u00f3n de estos casos&#8221;.<\/p>\n<p> &#8220;La temporada previa fue del serotipo DEN-1 y ahora estamos con DEN-2 por lo que es com\u00fan que haya muchas coinfecciones. Capaz en este caso el paciente ten\u00eda comorbilidades o alg\u00fan factor de riesgo\u201d, destac\u00f3 Battistella.<br \/>\n&#8220;Sin dudas vamos a estudiarlo y cruzar datos para saber con exactitud que sucede en estos casos&#8221;, subray\u00f3.<\/p>\n<p>CADENA 3.-<\/p><\/div>\n","protected":false},"excerpt":{"rendered":"<p>La v\u00edctima ten\u00eda 37 a\u00f1os y era oriunda de Chaco. Hab\u00eda contra\u00eddo dos serotipos diferentes del virus. Las autoridades sanitarias confirmaron la primera muerta por coinfecci\u00f3n de dengue en la Argentina. La v\u00edctima que contrajo dos serotipos diferentes del virus ten\u00eda 37 a\u00f1os y era oriunda de Chaco. Seg\u00fan explicaron los especialistas, este tipo de [&hellip;]<\/p>\n","protected":false},"author":1,"featured_media":32979,"comment_status":"closed","ping_status":"closed","sticky":false,"template":"","format":"standard","meta":{"footnotes":""},"categories":[6],"tags":[],"class_list":{"0":"post-32978","1":"post","2":"type-post","3":"status-publish","4":"format-standard","5":"has-post-thumbnail","7":"category-chaco"},"_links":{"self":[{"href":"https:\/\/chacosintesis.com.ar\/index.php\/wp-json\/wp\/v2\/posts\/32978","targetHints":{"allow":["GET"]}}],"collection":[{"href":"https:\/\/chacosintesis.com.ar\/index.php\/wp-json\/wp\/v2\/posts"}],"about":[{"href":"https:\/\/chacosintesis.com.ar\/index.php\/wp-json\/wp\/v2\/types\/post"}],"author":[{"embeddable":true,"href":"https:\/\/chacosintesis.com.ar\/index.php\/wp-json\/wp\/v2\/users\/1"}],"replies":[{"embeddable":true,"href":"https:\/\/chacosintesis.com.ar\/index.php\/wp-json\/wp\/v2\/comments?post=32978"}],"version-history":[{"count":0,"href":"https:\/\/chacosintesis.com.ar\/index.php\/wp-json\/wp\/v2\/posts\/32978\/revisions"}],"wp:featuredmedia":[{"embeddable":true,"href":"https:\/\/chacosintesis.com.ar\/index.php\/wp-json\/wp\/v2\/media\/32979"}],"wp:attachment":[{"href":"https:\/\/chacosintesis.com.ar\/index.php\/wp-json\/wp\/v2\/media?parent=32978"}],"wp:term":[{"taxonomy":"category","embeddable":true,"href":"https:\/\/chacosintesis.com.ar\/index.php\/wp-json\/wp\/v2\/categories?post=32978"},{"taxonomy":"post_tag","embeddable":true,"href":"https:\/\/chacosintesis.com.ar\/index.php\/wp-json\/wp\/v2\/tags?post=32978"}],"curies":[{"name":"wp","href":"https:\/\/api.w.org\/{rel}","templated":true}]}}