{"id":32957,"date":"2024-04-26T11:21:20","date_gmt":"2024-04-26T14:21:20","guid":{"rendered":"https:\/\/chacosintesis.com.ar\/?p=32957"},"modified":"2024-04-26T11:26:02","modified_gmt":"2024-04-26T14:26:02","slug":"el-intendente-bruno-cipolini-participo-de-la-apertura-del-congreso-nacional-de-conin-2024-que-por-primera-vez-se-realiza-en-saenz-pena","status":"publish","type":"post","link":"https:\/\/chacosintesis.com.ar\/index.php\/el-intendente-bruno-cipolini-participo-de-la-apertura-del-congreso-nacional-de-conin-2024-que-por-primera-vez-se-realiza-en-saenz-pena\/","title":{"rendered":"El intendente Bruno Cipolini particip\u00f3 de la apertura del Congreso Nacional de Conin 2024 que por primera vez se realiza en S\u00e1enz Pe\u00f1a"},"content":{"rendered":"<div class=\"postie-post\">El acto de apertura tuvo lugar en la ma\u00f1ana del jueves en el Club Social y cont\u00f3 con la presencia del fundador y presidente de CONIN el Dr. Abel Albino; el intendente Bruno Cipolini; el gobernador de la provincia  Leandro Zdero, el director del Fundecch Conin S\u00e1enz Pe\u00f1a Javier Peralta; el presidente de FUNDECCH Luis Trinastik  y representantes de 100 de los 110 Centros CONIN del pa\u00eds.<\/p>\n<p>Es la primera vez que el Congreso Nacional de CONIN se realiza fuera de la provincia de Mendoza por lo que tanto el Intendente como el Gobernador destacaron el hecho de que la provincia del Chaco y espec\u00edficamente S\u00e1enz Pe\u00f1a sea elegida para la realizaci\u00f3n de tan importante evento. Al hacer uso de la palabra el Intendente agradeci\u00f3 a la Fundaci\u00f3n Conin y al Centro Fundech con sede en la ciudad.<\/p>\n<p> &#8220;Siempre digo que todos aquellos que tengan un trabajo comunitario permanente, son una inspiraci\u00f3n, sobre todo para aquellos que tenemos una responsabilidad, temporal y circunstancial, que nos brinda la ciudadan\u00eda&#8221;.<\/p>\n<p> En la oportunidad destac\u00f3 la vocaci\u00f3n de cada uno de los responsables de los Centros y de los que han puesto un granito de arena para el trabajo que realizan. &#8220;Desde nuestra gesti\u00f3n tratamos de plasmar, un compromiso permanente con la tarea de CONIN, facilitando en el traslado con el transporte tres veces por semana para que las mam\u00e1s y los ni\u00f1os puedan llegar al Centro, tambi\u00e9n involucrarnos en diferentes intervenciones, con la llegada del pavimento que hoy est\u00e1 muy cerca y garantizar\u00e1 que bajo cualquier condici\u00f3n clim\u00e1tica los chicos puedan llegar al lugar. Desde el lugar que nos ocupa, como estado local, tratamos de acompa\u00f1ar, de fortalecerlos y seguir so\u00f1ando juntos. Valoro mucho la tarea que realizan y quiero destacar al Dr. Abel Albino, verdaderamente es un patriota y eso se contagia y sobre todo a aquellos que tenemos responsabilidades Institucionales&#8221;, dijo el Intendente.<\/p>\n<p>Por su parte el Gobernador dijo que &#8220;los chaque\u00f1os tenemos mucho por hacer. Tenemos una deuda pendiente con la vulnerabilidad de nuestros chicos y con un trabajo que permita garantizarles un futuro mejor\u201d, remarc\u00f3  y ratific\u00f3 el trabajo conjunto del gobierno provincial con FUNDECCH y CONIN y la importancia y trayectoria de la entidad en el Chaco con reconocidas labores en S\u00e1enz Pe\u00f1a, Napenay, Avia Terai, Quitilipi y Barranqueras.<br \/>\n <img decoding=\"async\" src=\"data:image\/gif;base64,R0lGODlhAQABAIAAAAAAAP\/\/\/ywAAAAAAQABAAACAUwAOw==\" fifu-lazy=\"1\" fifu-data-sizes=\"auto\" fifu-data-srcset=\"https:\/\/i3.wp.com\/chacosintesis.com.ar\/wp-content\/uploads\/2024\/04\/WhatsApp-Image-2024-04-25-at-17.04.52-800x556.jpeg?ssl=1&w=75&resize=75&ssl=1 75w, https:\/\/i3.wp.com\/chacosintesis.com.ar\/wp-content\/uploads\/2024\/04\/WhatsApp-Image-2024-04-25-at-17.04.52-800x556.jpeg?ssl=1&w=100&resize=100&ssl=1 100w, https:\/\/i3.wp.com\/chacosintesis.com.ar\/wp-content\/uploads\/2024\/04\/WhatsApp-Image-2024-04-25-at-17.04.52-800x556.jpeg?ssl=1&w=150&resize=150&ssl=1 150w, https:\/\/i3.wp.com\/chacosintesis.com.ar\/wp-content\/uploads\/2024\/04\/WhatsApp-Image-2024-04-25-at-17.04.52-800x556.jpeg?ssl=1&w=240&resize=240&ssl=1 240w, https:\/\/i3.wp.com\/chacosintesis.com.ar\/wp-content\/uploads\/2024\/04\/WhatsApp-Image-2024-04-25-at-17.04.52-800x556.jpeg?ssl=1&w=320&resize=320&ssl=1 320w, https:\/\/i3.wp.com\/chacosintesis.com.ar\/wp-content\/uploads\/2024\/04\/WhatsApp-Image-2024-04-25-at-17.04.52-800x556.jpeg?ssl=1&w=500&resize=500&ssl=1 500w, https:\/\/i3.wp.com\/chacosintesis.com.ar\/wp-content\/uploads\/2024\/04\/WhatsApp-Image-2024-04-25-at-17.04.52-800x556.jpeg?ssl=1&w=640&resize=640&ssl=1 640w, https:\/\/i3.wp.com\/chacosintesis.com.ar\/wp-content\/uploads\/2024\/04\/WhatsApp-Image-2024-04-25-at-17.04.52-800x556.jpeg?ssl=1&w=800&resize=800&ssl=1 800w, https:\/\/i3.wp.com\/chacosintesis.com.ar\/wp-content\/uploads\/2024\/04\/WhatsApp-Image-2024-04-25-at-17.04.52-800x556.jpeg?ssl=1&w=1024&resize=1024&ssl=1 1024w, https:\/\/i3.wp.com\/chacosintesis.com.ar\/wp-content\/uploads\/2024\/04\/WhatsApp-Image-2024-04-25-at-17.04.52-800x556.jpeg?ssl=1&w=1280&resize=1280&ssl=1 1280w, https:\/\/i3.wp.com\/chacosintesis.com.ar\/wp-content\/uploads\/2024\/04\/WhatsApp-Image-2024-04-25-at-17.04.52-800x556.jpeg?ssl=1&w=1600&resize=1600&ssl=1 1600w\" fifu-data-src=\"https:\/\/i3.wp.com\/chacosintesis.com.ar\/wp-content\/uploads\/2024\/04\/WhatsApp-Image-2024-04-25-at-17.04.52-800x556.jpeg?ssl=1\" alt=\"\" width=\"800px\" height=\"556px\" class=\"alignnone size-medium wp-image-32959\" \/><\/p>\n<p> En tanto que el doctor Abel Albino agradeci\u00f3 el cari\u00f1o y el respeto con el que lo recibieron, y al intendente Bruno Cipolini por sus palabras. Destac\u00f3 la importancia de retomar los encuentros presenciales que no se realizaban desde 2019. \u201cParticipan representantes del Centro, Norte y Sur del pa\u00eds en este evento que nos reencuentra luego de la pandemia que nos separ\u00f3 tanto\u201d.<\/p>\n<p>Adem\u00e1s valor\u00f3 el acompa\u00f1amiento del gobernador Leandro Zdero y remarc\u00f3 el desaf\u00edo que implica para los miembros del CONIN conocer e interiorizarse acerca de la situaci\u00f3n en la provincia. \u201cMi gente de Mendoza ahora quiere venir a trabajar a El Impenetrable y eso es lo que sucede cuando nos vemos personalmente, cuando nos conocemos y compartimos\u201d, expres\u00f3.<\/p>\n<p>CONIN es una organizaci\u00f3n sin fines de lucro fundada por el Dr. Abel Pascual Albino en la provincia de Mendoza, el 4 de septiembre de 1993. Albino tom\u00f3 el modelo de CONIN Chile, ideado por su fundador el Dr. Fernando M\u00f6nckeberg. Su lucha contra la desnutrici\u00f3n infantil hizo de Chile un pa\u00eds con altos est\u00e1ndares en salud, baja mortalidad infantil, e indicadores de desarrollo humano y social superiores a los de pa\u00edses con ingreso per c\u00e1pita similar.<\/p>\n<p>El principal objetivo de Fundaci\u00f3n CONIN es terminar con la desnutrici\u00f3n infantil en la Argentina. Las acciones de esta organizaci\u00f3n sin fines de lucro comenzaron en Mendoza, y se proyectan hacia el resto de la Argentina y  Am\u00e9rica Latina.<\/p><\/div>\n","protected":false},"excerpt":{"rendered":"<p>El acto de apertura tuvo lugar en la ma\u00f1ana del jueves en el Club Social y cont\u00f3 con la presencia del fundador y presidente de CONIN el Dr. Abel Albino; el intendente Bruno Cipolini; el gobernador de la provincia Leandro Zdero, el director del Fundecch Conin S\u00e1enz Pe\u00f1a Javier Peralta; el presidente de FUNDECCH Luis [&hellip;]<\/p>\n","protected":false},"author":1,"featured_media":32958,"comment_status":"closed","ping_status":"closed","sticky":false,"template":"","format":"standard","meta":{"footnotes":""},"categories":[6],"tags":[],"class_list":{"0":"post-32957","1":"post","2":"type-post","3":"status-publish","4":"format-standard","5":"has-post-thumbnail","7":"category-chaco"},"_links":{"self":[{"href":"https:\/\/chacosintesis.com.ar\/index.php\/wp-json\/wp\/v2\/posts\/32957","targetHints":{"allow":["GET"]}}],"collection":[{"href":"https:\/\/chacosintesis.com.ar\/index.php\/wp-json\/wp\/v2\/posts"}],"about":[{"href":"https:\/\/chacosintesis.com.ar\/index.php\/wp-json\/wp\/v2\/types\/post"}],"author":[{"embeddable":true,"href":"https:\/\/chacosintesis.com.ar\/index.php\/wp-json\/wp\/v2\/users\/1"}],"replies":[{"embeddable":true,"href":"https:\/\/chacosintesis.com.ar\/index.php\/wp-json\/wp\/v2\/comments?post=32957"}],"version-history":[{"count":0,"href":"https:\/\/chacosintesis.com.ar\/index.php\/wp-json\/wp\/v2\/posts\/32957\/revisions"}],"wp:featuredmedia":[{"embeddable":true,"href":"https:\/\/chacosintesis.com.ar\/index.php\/wp-json\/wp\/v2\/media\/32958"}],"wp:attachment":[{"href":"https:\/\/chacosintesis.com.ar\/index.php\/wp-json\/wp\/v2\/media?parent=32957"}],"wp:term":[{"taxonomy":"category","embeddable":true,"href":"https:\/\/chacosintesis.com.ar\/index.php\/wp-json\/wp\/v2\/categories?post=32957"},{"taxonomy":"post_tag","embeddable":true,"href":"https:\/\/chacosintesis.com.ar\/index.php\/wp-json\/wp\/v2\/tags?post=32957"}],"curies":[{"name":"wp","href":"https:\/\/api.w.org\/{rel}","templated":true}]}}