{"id":32944,"date":"2024-04-26T09:03:59","date_gmt":"2024-04-26T12:03:59","guid":{"rendered":"https:\/\/chacosintesis.com.ar\/?p=32944"},"modified":"2024-04-26T09:06:31","modified_gmt":"2024-04-26T12:06:31","slug":"el-plan-de-lectura-municipal-de-saenz-pena-sigue-recorriendo-los-establecimientos-educativos-de-la-ciudad","status":"publish","type":"post","link":"https:\/\/chacosintesis.com.ar\/index.php\/el-plan-de-lectura-municipal-de-saenz-pena-sigue-recorriendo-los-establecimientos-educativos-de-la-ciudad\/","title":{"rendered":"El Plan de Lectura Municipal de S\u00e1enz Pe\u00f1a sigue recorriendo los establecimientos educativos de la ciudad"},"content":{"rendered":"<div class=\"postie-post\">El plan de lectura contin\u00faa recorriendo los establecimientos educativos de la ciudad llevando libros e historias para los ni\u00f1os y adolescentes de todos los barrios. Esta semana el Plan visit\u00f3 la E.E.T N\u00b022 Teniente Benjam\u00edn Matienzo donde comparti\u00f3 lectura con los alumnos del nivel secundario.<br \/>\n En tanto que el mi\u00e9rcoles el Plan de Lectura visit\u00f3 la Escuela Primaria Filomeno Bracone del barrio Matadero. Durante la siesta los docentes y alumnos recibieron a lectoras voluntarias e integrantes  de la Secretar\u00eda de Cultura.<br \/>\n<img decoding=\"async\" src=\"data:image\/gif;base64,R0lGODlhAQABAIAAAAAAAP\/\/\/ywAAAAAAQABAAACAUwAOw==\" fifu-lazy=\"1\" fifu-data-sizes=\"auto\" fifu-data-srcset=\"https:\/\/i2.wp.com\/chacosintesis.com.ar\/wp-content\/uploads\/2024\/04\/WhatsApp-Image-2024-04-25-at-13.31.18-800x602.jpeg?ssl=1&w=75&resize=75&ssl=1 75w, https:\/\/i2.wp.com\/chacosintesis.com.ar\/wp-content\/uploads\/2024\/04\/WhatsApp-Image-2024-04-25-at-13.31.18-800x602.jpeg?ssl=1&w=100&resize=100&ssl=1 100w, https:\/\/i2.wp.com\/chacosintesis.com.ar\/wp-content\/uploads\/2024\/04\/WhatsApp-Image-2024-04-25-at-13.31.18-800x602.jpeg?ssl=1&w=150&resize=150&ssl=1 150w, https:\/\/i2.wp.com\/chacosintesis.com.ar\/wp-content\/uploads\/2024\/04\/WhatsApp-Image-2024-04-25-at-13.31.18-800x602.jpeg?ssl=1&w=240&resize=240&ssl=1 240w, https:\/\/i2.wp.com\/chacosintesis.com.ar\/wp-content\/uploads\/2024\/04\/WhatsApp-Image-2024-04-25-at-13.31.18-800x602.jpeg?ssl=1&w=320&resize=320&ssl=1 320w, https:\/\/i2.wp.com\/chacosintesis.com.ar\/wp-content\/uploads\/2024\/04\/WhatsApp-Image-2024-04-25-at-13.31.18-800x602.jpeg?ssl=1&w=500&resize=500&ssl=1 500w, https:\/\/i2.wp.com\/chacosintesis.com.ar\/wp-content\/uploads\/2024\/04\/WhatsApp-Image-2024-04-25-at-13.31.18-800x602.jpeg?ssl=1&w=640&resize=640&ssl=1 640w, https:\/\/i2.wp.com\/chacosintesis.com.ar\/wp-content\/uploads\/2024\/04\/WhatsApp-Image-2024-04-25-at-13.31.18-800x602.jpeg?ssl=1&w=800&resize=800&ssl=1 800w, https:\/\/i2.wp.com\/chacosintesis.com.ar\/wp-content\/uploads\/2024\/04\/WhatsApp-Image-2024-04-25-at-13.31.18-800x602.jpeg?ssl=1&w=1024&resize=1024&ssl=1 1024w, https:\/\/i2.wp.com\/chacosintesis.com.ar\/wp-content\/uploads\/2024\/04\/WhatsApp-Image-2024-04-25-at-13.31.18-800x602.jpeg?ssl=1&w=1280&resize=1280&ssl=1 1280w, https:\/\/i2.wp.com\/chacosintesis.com.ar\/wp-content\/uploads\/2024\/04\/WhatsApp-Image-2024-04-25-at-13.31.18-800x602.jpeg?ssl=1&w=1600&resize=1600&ssl=1 1600w\" fifu-data-src=\"https:\/\/i2.wp.com\/chacosintesis.com.ar\/wp-content\/uploads\/2024\/04\/WhatsApp-Image-2024-04-25-at-13.31.18-800x602.jpeg?ssl=1\" alt=\"\" width=\"800px\" height=\"602px\" class=\"alignnone size-medium wp-image-32946\" \/><\/p>\n<p>Los directivos de la escuela agradecieron la visita y lectura de cuentos y leyendas e invitaron a la comunidad a la jornada de lectura que preparan en el establecimiento para el viernes 26 de abril. La visita del Plan Municipal de lectura sirve como introducci\u00f3n y experiencia para que los alumnos participen de la mencionada jornada.<\/p>\n<p>El Plan continuar\u00e1 su recorrido por todas las escuelas, colegios, Centros Comunitarios, comedores y merenderos de la ciudad sumando encuentros literarios para los ni\u00f1os y adolescentes.<\/p><\/div>\n","protected":false},"excerpt":{"rendered":"<p>El plan de lectura contin\u00faa recorriendo los establecimientos educativos de la ciudad llevando libros e historias para los ni\u00f1os y adolescentes de todos los barrios. Esta semana el Plan visit\u00f3 la E.E.T N\u00b022 Teniente Benjam\u00edn Matienzo donde comparti\u00f3 lectura con los alumnos del nivel secundario. En tanto que el mi\u00e9rcoles el Plan de Lectura visit\u00f3 [&hellip;]<\/p>\n","protected":false},"author":1,"featured_media":32945,"comment_status":"closed","ping_status":"closed","sticky":false,"template":"","format":"standard","meta":{"footnotes":""},"categories":[6],"tags":[],"class_list":{"0":"post-32944","1":"post","2":"type-post","3":"status-publish","4":"format-standard","5":"has-post-thumbnail","7":"category-chaco"},"_links":{"self":[{"href":"https:\/\/chacosintesis.com.ar\/index.php\/wp-json\/wp\/v2\/posts\/32944","targetHints":{"allow":["GET"]}}],"collection":[{"href":"https:\/\/chacosintesis.com.ar\/index.php\/wp-json\/wp\/v2\/posts"}],"about":[{"href":"https:\/\/chacosintesis.com.ar\/index.php\/wp-json\/wp\/v2\/types\/post"}],"author":[{"embeddable":true,"href":"https:\/\/chacosintesis.com.ar\/index.php\/wp-json\/wp\/v2\/users\/1"}],"replies":[{"embeddable":true,"href":"https:\/\/chacosintesis.com.ar\/index.php\/wp-json\/wp\/v2\/comments?post=32944"}],"version-history":[{"count":0,"href":"https:\/\/chacosintesis.com.ar\/index.php\/wp-json\/wp\/v2\/posts\/32944\/revisions"}],"wp:featuredmedia":[{"embeddable":true,"href":"https:\/\/chacosintesis.com.ar\/index.php\/wp-json\/wp\/v2\/media\/32945"}],"wp:attachment":[{"href":"https:\/\/chacosintesis.com.ar\/index.php\/wp-json\/wp\/v2\/media?parent=32944"}],"wp:term":[{"taxonomy":"category","embeddable":true,"href":"https:\/\/chacosintesis.com.ar\/index.php\/wp-json\/wp\/v2\/categories?post=32944"},{"taxonomy":"post_tag","embeddable":true,"href":"https:\/\/chacosintesis.com.ar\/index.php\/wp-json\/wp\/v2\/tags?post=32944"}],"curies":[{"name":"wp","href":"https:\/\/api.w.org\/{rel}","templated":true}]}}