{"id":32936,"date":"2024-04-25T08:42:42","date_gmt":"2024-04-25T11:42:42","guid":{"rendered":"http:\/\/chacosintesis.com.ar\/?p=32936"},"modified":"2024-04-25T08:43:43","modified_gmt":"2024-04-25T11:43:43","slug":"sequia-declararon-la-emergencia-agropecuaria-por-180-dias-prorrogables-para-ocho-departamentos-chaquenos","status":"publish","type":"post","link":"https:\/\/chacosintesis.com.ar\/index.php\/sequia-declararon-la-emergencia-agropecuaria-por-180-dias-prorrogables-para-ocho-departamentos-chaquenos\/","title":{"rendered":"Sequ\u00eda: declararon la emergencia agropecuaria por 180 d\u00edas prorrogables para ocho Departamentos chaque\u00f1os"},"content":{"rendered":"<div class=\"postie-post\">Bajo la matriz del decreto provincial, sendas iniciativas se acumularon y sancionaron para declarar por 180 d\u00edas prorrogables la emergencia agropecuaria por sequ\u00eda. Abarcar\u00e1, en un principio, a los Departamentos Independencia, G\u00fcemes, Maip\u00fa, Comandante Fern\u00e1ndez, Quitilipi y Almirante Brown G\u00fcemes, adem\u00e1s a San Lorenzo y San Mart\u00edn. Si bien se intent\u00f3 incluir al Departamento San Fernando no hubo consenso entre los bloques pol\u00edticos para que sea comprendido en el instrumento legislativo.<\/p>\n<p>El Parlamento chaque\u00f1o sancion\u00f3 por unanimidad este mi\u00e9rcoles la emergencia agropecuaria por sequ\u00eda, por 180 d\u00edas prorrogables, para los Departamentos Independencia, G\u00fcemes, Maip\u00fa, Comandante Fern\u00e1ndez, Quitilipi y Almirante Brown G\u00fcemes, San Lorenzo y San Mart\u00edn. Si bien no logr\u00f3 los consensos pol\u00edticos la inclusi\u00f3n del departamento San Fernando hubo un compromiso de poder incorporarlo de ser sancionado en pr\u00f3ximas sesiones.<br \/>\nObr\u00f3 de diputado informante el legislador del Frente Integrador, Dar\u00edo Bacileff Ivanoff, autor de la ley que impulsaba esta declaraci\u00f3n para los productores del Departamento G\u00fcemes, quien se refiri\u00f3 a \u201cconsecuencias desastrosas para el sembrad\u00edo\u201d, por la falta de lluvias y una ola de calor que \u201cal decir de los productores, fue una especie de soplete\u201d.<br \/>\nDestac\u00f3 que fue un proyecto que se extendi\u00f3 luego con la intervenci\u00f3n del Ministerio de Producci\u00f3n y el decreto del Ejecutivo que finalmente fue incorporado al expediente al igual que otras iniciativas que inclu\u00edan a otros Departamentos afectados.  \u201cVen\u00edamos pidiendo la resoluci\u00f3n de este Poder y luego de tanta discusi\u00f3n llegamos a un punto que me llena de satisfacci\u00f3n porque cada uno de los bloques pol\u00edticos viene a cumplir el compromiso que asumimos con los productores que necesitan de esta herramienta\u201d, indic\u00f3.<br \/>\nExplic\u00f3 que con la normativa se habilitan \u201cuna serie de facultades al Ejecutivo como compensar o redistribuir partidas ya sancionadas con presupuesto por ley\u201d.<\/p>\n<p> Desde el Frente Chaque\u00f1o, Rodrigo Ocampo acompa\u00f1\u00f3 lo planteado por su par preopinante y pidi\u00f3 que tambi\u00e9n se contemple la incorporaci\u00f3n del Departamento San Fernando. \u201cLas poblaciones, sobre todo periurbanas, vienen acarreando hace tiempo esta sequ\u00eda. Basail, Vilelas y Barranqueras, necesitan ser incluidas ahora\u201d, reforz\u00f3 el legislador.<br \/>\nEl diputado justicialista Rub\u00e9n Guill\u00f3n celebr\u00f3 el debate de los proyectos y la inclusi\u00f3n del suyo que incorpor\u00f3 al Departamento San Mart\u00edn. \u201cEstamos poniendo el o\u00eddo y el coraz\u00f3n a un sector importante de nuestra provincia. No significa una erogaci\u00f3n presupuestaria. Sabemos la importancia de nuestros productores, parajes, colonias. Es por todos conocido y somos testigos de c\u00f3mo la corriente de La Ni\u00f1a ha hecho estragos tiempo atr\u00e1s, calor contundente, sequ\u00eda fatal, la lluvia que desapareci\u00f3. Son verdades absolutas as\u00ed que agradezco la posibilidad de incorporar el proyecto del cual soy autor y acompa\u00f1ar a otros departamentos como el de San Mart\u00edn y Sargento Cabral\u201d, afirm\u00f3.<br \/>\nPor su parte, el jefe del interbloque de Juntos por el Cambio, Sebasti\u00e1n Lazarini, record\u00f3 que el 26 de marzo, el ministro de Producci\u00f3n convoc\u00f3 a la Comisi\u00f3n Provincial de Emergencia Agropecuaria, reuni\u00f3n de la que particip\u00f3 y que finaliz\u00f3 con la decisi\u00f3n de avanzar en el decreto 575\/24 con la declaraci\u00f3n de emergencia agropecuaria por sequ\u00eda para los departamentos G\u00fcemes, Maip\u00fa \u201cy ya se avizoraba la necesidad de que se extienda a otros departamentos de la provincia\u201d.<br \/>\nPidi\u00f3 el ingreso del expediente para que el decreto del Ejecutivo tome estado parlamentario y se acumule a las iniciativas legislativas. Y ratific\u00f3 que el planteo para la sanci\u00f3n era de 180 d\u00edas prorrogables y no de 365 como se manifestaba en el proyecto de Bacileff Ivanoff.<br \/>\nLa ley se sancion\u00f3 por unanimidad tras el cuarto intermedio donde definieron la no incorporaci\u00f3n del Departamento San Fernando en esta declaraci\u00f3n de emergencia agropecuaria.<\/p><\/div>\n","protected":false},"excerpt":{"rendered":"<p>Bajo la matriz del decreto provincial, sendas iniciativas se acumularon y sancionaron para declarar por 180 d\u00edas prorrogables la emergencia agropecuaria por sequ\u00eda. Abarcar\u00e1, en un principio, a los Departamentos Independencia, G\u00fcemes, Maip\u00fa, Comandante Fern\u00e1ndez, Quitilipi y Almirante Brown G\u00fcemes, adem\u00e1s a San Lorenzo y San Mart\u00edn. Si bien se intent\u00f3 incluir al Departamento San [&hellip;]<\/p>\n","protected":false},"author":1,"featured_media":32937,"comment_status":"closed","ping_status":"closed","sticky":false,"template":"","format":"standard","meta":{"footnotes":""},"categories":[6],"tags":[],"class_list":{"0":"post-32936","1":"post","2":"type-post","3":"status-publish","4":"format-standard","5":"has-post-thumbnail","7":"category-chaco"},"_links":{"self":[{"href":"https:\/\/chacosintesis.com.ar\/index.php\/wp-json\/wp\/v2\/posts\/32936","targetHints":{"allow":["GET"]}}],"collection":[{"href":"https:\/\/chacosintesis.com.ar\/index.php\/wp-json\/wp\/v2\/posts"}],"about":[{"href":"https:\/\/chacosintesis.com.ar\/index.php\/wp-json\/wp\/v2\/types\/post"}],"author":[{"embeddable":true,"href":"https:\/\/chacosintesis.com.ar\/index.php\/wp-json\/wp\/v2\/users\/1"}],"replies":[{"embeddable":true,"href":"https:\/\/chacosintesis.com.ar\/index.php\/wp-json\/wp\/v2\/comments?post=32936"}],"version-history":[{"count":0,"href":"https:\/\/chacosintesis.com.ar\/index.php\/wp-json\/wp\/v2\/posts\/32936\/revisions"}],"wp:featuredmedia":[{"embeddable":true,"href":"https:\/\/chacosintesis.com.ar\/index.php\/wp-json\/wp\/v2\/media\/32937"}],"wp:attachment":[{"href":"https:\/\/chacosintesis.com.ar\/index.php\/wp-json\/wp\/v2\/media?parent=32936"}],"wp:term":[{"taxonomy":"category","embeddable":true,"href":"https:\/\/chacosintesis.com.ar\/index.php\/wp-json\/wp\/v2\/categories?post=32936"},{"taxonomy":"post_tag","embeddable":true,"href":"https:\/\/chacosintesis.com.ar\/index.php\/wp-json\/wp\/v2\/tags?post=32936"}],"curies":[{"name":"wp","href":"https:\/\/api.w.org\/{rel}","templated":true}]}}