{"id":32928,"date":"2024-04-24T11:20:24","date_gmt":"2024-04-24T14:20:24","guid":{"rendered":"https:\/\/chacosintesis.com.ar\/?p=32928"},"modified":"2024-04-24T11:25:24","modified_gmt":"2024-04-24T14:25:24","slug":"desarrollo-humano-continua-asistiendo-a-vecinos-que-fueron-afectados-por-las-lluvias","status":"publish","type":"post","link":"https:\/\/chacosintesis.com.ar\/index.php\/desarrollo-humano-continua-asistiendo-a-vecinos-que-fueron-afectados-por-las-lluvias\/","title":{"rendered":"Desarrollo Humano contin\u00faa asistiendo a vecinos que fueron afectados por las lluvias"},"content":{"rendered":"<div class=\"postie-post\">El gobierno provincial, a trav\u00e9s del Ministerio de Desarrollo Humano, comunic\u00f3 que mediante las diferentes \u00e1reas se contin\u00faa asistiendo a los damnificados por las fuertes lluvias acontecidas en diferentes zonas de la provincia durante la tarde \u2013 noche del d\u00eda de ayer, colaborando con los municipios que alertaron sobre la necesidad de ayuda de emergencia, \u201ccon lo que este ministerio activ\u00f3 sus \u00e1reas correspondientes, para el abordaje de esta situaci\u00f3n\u201d- afirmaron desde el Ministerio.<\/p>\n<p> En este trabajo articulado trabajaron en territorio, los funcionarios que  estuvieron en contacto con los vecinos afectados, llevando toda la ayuda de manera inmediata y sin intermediarios llegando a diferentes localidades, como lo fue en La Eduvigis, La Verde, La Escondida y Lapachito.<\/p>\n<p>Durante la jornada se continu\u00f3 con el trabajo para poder avanzar en toda la asistencia solicitada.<\/p>\n<p>Por \u00faltimo, desde el Ministerio de Desarrollo Humano agradecieron tambi\u00e9n el trabajo articulado con las dem\u00e1s \u00e1reas del estado provincial porque sabemos que las \u201cinstrucciones del gobernador siempre est\u00e1n vinculadas a que los funcionarios est\u00e9n en territorio y atendiendo las demandas de la gente, sin intermediarios\u201d.<\/p><\/div>\n","protected":false},"excerpt":{"rendered":"<p>El gobierno provincial, a trav\u00e9s del Ministerio de Desarrollo Humano, comunic\u00f3 que mediante las diferentes \u00e1reas se contin\u00faa asistiendo a los damnificados por las fuertes lluvias acontecidas en diferentes zonas de la provincia durante la tarde \u2013 noche del d\u00eda de ayer, colaborando con los municipios que alertaron sobre la necesidad de ayuda de emergencia, [&hellip;]<\/p>\n","protected":false},"author":1,"featured_media":32929,"comment_status":"closed","ping_status":"closed","sticky":false,"template":"","format":"standard","meta":{"footnotes":""},"categories":[6],"tags":[],"class_list":{"0":"post-32928","1":"post","2":"type-post","3":"status-publish","4":"format-standard","5":"has-post-thumbnail","7":"category-chaco"},"_links":{"self":[{"href":"https:\/\/chacosintesis.com.ar\/index.php\/wp-json\/wp\/v2\/posts\/32928","targetHints":{"allow":["GET"]}}],"collection":[{"href":"https:\/\/chacosintesis.com.ar\/index.php\/wp-json\/wp\/v2\/posts"}],"about":[{"href":"https:\/\/chacosintesis.com.ar\/index.php\/wp-json\/wp\/v2\/types\/post"}],"author":[{"embeddable":true,"href":"https:\/\/chacosintesis.com.ar\/index.php\/wp-json\/wp\/v2\/users\/1"}],"replies":[{"embeddable":true,"href":"https:\/\/chacosintesis.com.ar\/index.php\/wp-json\/wp\/v2\/comments?post=32928"}],"version-history":[{"count":0,"href":"https:\/\/chacosintesis.com.ar\/index.php\/wp-json\/wp\/v2\/posts\/32928\/revisions"}],"wp:featuredmedia":[{"embeddable":true,"href":"https:\/\/chacosintesis.com.ar\/index.php\/wp-json\/wp\/v2\/media\/32929"}],"wp:attachment":[{"href":"https:\/\/chacosintesis.com.ar\/index.php\/wp-json\/wp\/v2\/media?parent=32928"}],"wp:term":[{"taxonomy":"category","embeddable":true,"href":"https:\/\/chacosintesis.com.ar\/index.php\/wp-json\/wp\/v2\/categories?post=32928"},{"taxonomy":"post_tag","embeddable":true,"href":"https:\/\/chacosintesis.com.ar\/index.php\/wp-json\/wp\/v2\/tags?post=32928"}],"curies":[{"name":"wp","href":"https:\/\/api.w.org\/{rel}","templated":true}]}}