{"id":32909,"date":"2024-04-23T12:09:44","date_gmt":"2024-04-23T15:09:44","guid":{"rendered":"http:\/\/chacosintesis.com.ar\/?p=32909"},"modified":"2024-04-23T12:10:29","modified_gmt":"2024-04-23T15:10:29","slug":"temporal-en-la-eduvigis-fuerte-operativo-de-asistencia-a-la-poblacion-por-parte-del-gobierno-provincial","status":"publish","type":"post","link":"https:\/\/chacosintesis.com.ar\/index.php\/temporal-en-la-eduvigis-fuerte-operativo-de-asistencia-a-la-poblacion-por-parte-del-gobierno-provincial\/","title":{"rendered":"Temporal en la Eduvigis: fuerte operativo de asistencia a la poblaci\u00f3n por parte del gobierno provincial"},"content":{"rendered":"<div class=\"postie-post\">Desde este mismo lunes el gobierno provincial, a trav\u00e9s de Vialidad Provincial, Desarrollo Humano, Ministerio de Gobierno, Secheep y dem\u00e1s \u00e1reas del Estado, trabajan en un fuerte operativo de asistencia a la poblaci\u00f3n, luego del temporal que provoc\u00f3 ca\u00edda de \u00e1rboles y postes de luz, voladura de techo y anegamiento de caminos, en La Eduvigis y en zonas cercanas.<\/p>\n<p>El administrador de la Direcci\u00f3n de Vialidad Provincial (DVP) Omar Canela brind\u00f3 tambi\u00e9n, este martes, detalles sobre los trabajos de limpieza y asistencia: \u201cPor instrucciones del Gobernador, estamos trabajando en la zona V con un equipo a cargo del ingeniero Walter Cuadra, colaborando con la gente, retirando \u00e1rboles ca\u00eddos, entre todos ayudando con las dem\u00e1s \u00e1reas para paliar estas cuestiones urgentes de la comunidad\u201d, detall\u00f3.<br \/>\n<img decoding=\"async\" src=\"data:image\/gif;base64,R0lGODlhAQABAIAAAAAAAP\/\/\/ywAAAAAAQABAAACAUwAOw==\" fifu-lazy=\"1\" fifu-data-sizes=\"auto\" fifu-data-srcset=\"https:\/\/i2.wp.com\/chacosintesis.com.ar\/wp-content\/uploads\/2024\/04\/WhatsApp-Image-2024-04-23-at-11.53.27-600x800.jpeg?ssl=1&w=75&resize=75&ssl=1 75w, https:\/\/i2.wp.com\/chacosintesis.com.ar\/wp-content\/uploads\/2024\/04\/WhatsApp-Image-2024-04-23-at-11.53.27-600x800.jpeg?ssl=1&w=100&resize=100&ssl=1 100w, https:\/\/i2.wp.com\/chacosintesis.com.ar\/wp-content\/uploads\/2024\/04\/WhatsApp-Image-2024-04-23-at-11.53.27-600x800.jpeg?ssl=1&w=150&resize=150&ssl=1 150w, https:\/\/i2.wp.com\/chacosintesis.com.ar\/wp-content\/uploads\/2024\/04\/WhatsApp-Image-2024-04-23-at-11.53.27-600x800.jpeg?ssl=1&w=240&resize=240&ssl=1 240w, https:\/\/i2.wp.com\/chacosintesis.com.ar\/wp-content\/uploads\/2024\/04\/WhatsApp-Image-2024-04-23-at-11.53.27-600x800.jpeg?ssl=1&w=320&resize=320&ssl=1 320w, https:\/\/i2.wp.com\/chacosintesis.com.ar\/wp-content\/uploads\/2024\/04\/WhatsApp-Image-2024-04-23-at-11.53.27-600x800.jpeg?ssl=1&w=500&resize=500&ssl=1 500w, https:\/\/i2.wp.com\/chacosintesis.com.ar\/wp-content\/uploads\/2024\/04\/WhatsApp-Image-2024-04-23-at-11.53.27-600x800.jpeg?ssl=1&w=640&resize=640&ssl=1 640w, https:\/\/i2.wp.com\/chacosintesis.com.ar\/wp-content\/uploads\/2024\/04\/WhatsApp-Image-2024-04-23-at-11.53.27-600x800.jpeg?ssl=1&w=800&resize=800&ssl=1 800w, https:\/\/i2.wp.com\/chacosintesis.com.ar\/wp-content\/uploads\/2024\/04\/WhatsApp-Image-2024-04-23-at-11.53.27-600x800.jpeg?ssl=1&w=1024&resize=1024&ssl=1 1024w, https:\/\/i2.wp.com\/chacosintesis.com.ar\/wp-content\/uploads\/2024\/04\/WhatsApp-Image-2024-04-23-at-11.53.27-600x800.jpeg?ssl=1&w=1280&resize=1280&ssl=1 1280w, https:\/\/i2.wp.com\/chacosintesis.com.ar\/wp-content\/uploads\/2024\/04\/WhatsApp-Image-2024-04-23-at-11.53.27-600x800.jpeg?ssl=1&w=1600&resize=1600&ssl=1 1600w\" fifu-data-src=\"https:\/\/i2.wp.com\/chacosintesis.com.ar\/wp-content\/uploads\/2024\/04\/WhatsApp-Image-2024-04-23-at-11.53.27-600x800.jpeg?ssl=1\" alt=\"\" width=\"600px\" height=\"800px\" class=\"alignnone size-medium wp-image-32911\" \/><\/p>\n<p> Canela agreg\u00f3 que una vez que mejoren las condiciones clim\u00e1ticas, desde el gobierno provincial, se continuar\u00e1 trabajando en la reconstrucci\u00f3n de los caminos y de las v\u00edas. \u201cVamos a seguir colaborando, junto al personal de Secheep ya que tambi\u00e9n hubo ca\u00edda de postes de luz y se trabaja para reestablecer el servicio\u201d, precis\u00f3. Lo importante es estar a disposici\u00f3n y estar presentes, porque no miramos a otro lado, nos ocupamos y brindamos respuestas ante las demandas\u201d- cerr\u00f3 el Administrador.<\/p><\/div>\n","protected":false},"excerpt":{"rendered":"<p>Desde este mismo lunes el gobierno provincial, a trav\u00e9s de Vialidad Provincial, Desarrollo Humano, Ministerio de Gobierno, Secheep y dem\u00e1s \u00e1reas del Estado, trabajan en un fuerte operativo de asistencia a la poblaci\u00f3n, luego del temporal que provoc\u00f3 ca\u00edda de \u00e1rboles y postes de luz, voladura de techo y anegamiento de caminos, en La Eduvigis [&hellip;]<\/p>\n","protected":false},"author":1,"featured_media":32910,"comment_status":"closed","ping_status":"closed","sticky":false,"template":"","format":"standard","meta":{"footnotes":""},"categories":[6],"tags":[],"class_list":{"0":"post-32909","1":"post","2":"type-post","3":"status-publish","4":"format-standard","5":"has-post-thumbnail","7":"category-chaco"},"_links":{"self":[{"href":"https:\/\/chacosintesis.com.ar\/index.php\/wp-json\/wp\/v2\/posts\/32909","targetHints":{"allow":["GET"]}}],"collection":[{"href":"https:\/\/chacosintesis.com.ar\/index.php\/wp-json\/wp\/v2\/posts"}],"about":[{"href":"https:\/\/chacosintesis.com.ar\/index.php\/wp-json\/wp\/v2\/types\/post"}],"author":[{"embeddable":true,"href":"https:\/\/chacosintesis.com.ar\/index.php\/wp-json\/wp\/v2\/users\/1"}],"replies":[{"embeddable":true,"href":"https:\/\/chacosintesis.com.ar\/index.php\/wp-json\/wp\/v2\/comments?post=32909"}],"version-history":[{"count":0,"href":"https:\/\/chacosintesis.com.ar\/index.php\/wp-json\/wp\/v2\/posts\/32909\/revisions"}],"wp:featuredmedia":[{"embeddable":true,"href":"https:\/\/chacosintesis.com.ar\/index.php\/wp-json\/wp\/v2\/media\/32910"}],"wp:attachment":[{"href":"https:\/\/chacosintesis.com.ar\/index.php\/wp-json\/wp\/v2\/media?parent=32909"}],"wp:term":[{"taxonomy":"category","embeddable":true,"href":"https:\/\/chacosintesis.com.ar\/index.php\/wp-json\/wp\/v2\/categories?post=32909"},{"taxonomy":"post_tag","embeddable":true,"href":"https:\/\/chacosintesis.com.ar\/index.php\/wp-json\/wp\/v2\/tags?post=32909"}],"curies":[{"name":"wp","href":"https:\/\/api.w.org\/{rel}","templated":true}]}}