{"id":32894,"date":"2024-04-23T08:42:25","date_gmt":"2024-04-23T11:42:25","guid":{"rendered":"http:\/\/chacosintesis.com.ar\/?p=32894"},"modified":"2024-04-23T08:47:30","modified_gmt":"2024-04-23T11:47:30","slug":"secheep-evaluo-los-danos-ocasionados-por-los-fuertes-vientos-y-las-lluvias-en-la-eduvigis","status":"publish","type":"post","link":"https:\/\/chacosintesis.com.ar\/index.php\/secheep-evaluo-los-danos-ocasionados-por-los-fuertes-vientos-y-las-lluvias-en-la-eduvigis\/","title":{"rendered":"Secheep evalu\u00f3 los da\u00f1os ocasionados por los fuertes vientos y las lluvias en la Eduvigis"},"content":{"rendered":"<div class=\"postie-post\">Se identific\u00f3 la ca\u00edda de 60 postes de baja y media tensi\u00f3n, sobre los cuales \u201cnuestro personal de SECHEEP ya est\u00e1 trabajando desde esta ma\u00f1ana para que pasadas las 20:00 horas se pueda suministrar energ\u00eda a todo el pueblo y ma\u00f1ana continuaremos con los trabajos en otras zonas afectadas\u201d- se\u00f1al\u00f3 el presidente Jos\u00e9 Bistoletti.<\/p>\n<p> \u201cEstamos comprometidos en restablecer el suministro el\u00e9ctrico lo antes posible. Nuestros equipos est\u00e1n desplegados en terreno, enfrentando las inclemencias del tiempo para garantizar que la comunidad recupere la electricidad. Los vientos han sido implacables, derribando \u00e1rboles y cables el\u00e9ctricos. Cada poste que se levanta es un paso hacia la normalidad. Los vecinos de La Eduvigis pueden estar seguros de que estamos haciendo todo lo posible para resolver esta emergencia\u201d- a\u00f1adi\u00f3.<\/p>\n<p>Por \u00faltimo, el presidente de Secheep remarc\u00f3: \u201cAgradecemos la paciencia y comprensi\u00f3n de la comunidad durante este proceso. Sabemos que la falta de electricidad afecta a todos, desde los hogares hasta los comercios locales pero toda la empresa est\u00e1 trabajando incansablemente para llevar las soluciones a esta localidad\u201d.<\/p><\/div>\n","protected":false},"excerpt":{"rendered":"<p>Se identific\u00f3 la ca\u00edda de 60 postes de baja y media tensi\u00f3n, sobre los cuales \u201cnuestro personal de SECHEEP ya est\u00e1 trabajando desde esta ma\u00f1ana para que pasadas las 20:00 horas se pueda suministrar energ\u00eda a todo el pueblo y ma\u00f1ana continuaremos con los trabajos en otras zonas afectadas\u201d- se\u00f1al\u00f3 el presidente Jos\u00e9 Bistoletti. \u201cEstamos [&hellip;]<\/p>\n","protected":false},"author":1,"featured_media":32895,"comment_status":"closed","ping_status":"closed","sticky":false,"template":"","format":"standard","meta":{"footnotes":""},"categories":[6],"tags":[],"class_list":{"0":"post-32894","1":"post","2":"type-post","3":"status-publish","4":"format-standard","5":"has-post-thumbnail","7":"category-chaco"},"_links":{"self":[{"href":"https:\/\/chacosintesis.com.ar\/index.php\/wp-json\/wp\/v2\/posts\/32894","targetHints":{"allow":["GET"]}}],"collection":[{"href":"https:\/\/chacosintesis.com.ar\/index.php\/wp-json\/wp\/v2\/posts"}],"about":[{"href":"https:\/\/chacosintesis.com.ar\/index.php\/wp-json\/wp\/v2\/types\/post"}],"author":[{"embeddable":true,"href":"https:\/\/chacosintesis.com.ar\/index.php\/wp-json\/wp\/v2\/users\/1"}],"replies":[{"embeddable":true,"href":"https:\/\/chacosintesis.com.ar\/index.php\/wp-json\/wp\/v2\/comments?post=32894"}],"version-history":[{"count":0,"href":"https:\/\/chacosintesis.com.ar\/index.php\/wp-json\/wp\/v2\/posts\/32894\/revisions"}],"wp:featuredmedia":[{"embeddable":true,"href":"https:\/\/chacosintesis.com.ar\/index.php\/wp-json\/wp\/v2\/media\/32895"}],"wp:attachment":[{"href":"https:\/\/chacosintesis.com.ar\/index.php\/wp-json\/wp\/v2\/media?parent=32894"}],"wp:term":[{"taxonomy":"category","embeddable":true,"href":"https:\/\/chacosintesis.com.ar\/index.php\/wp-json\/wp\/v2\/categories?post=32894"},{"taxonomy":"post_tag","embeddable":true,"href":"https:\/\/chacosintesis.com.ar\/index.php\/wp-json\/wp\/v2\/tags?post=32894"}],"curies":[{"name":"wp","href":"https:\/\/api.w.org\/{rel}","templated":true}]}}