{"id":32883,"date":"2024-04-22T18:43:17","date_gmt":"2024-04-22T21:43:17","guid":{"rendered":"https:\/\/chacosintesis.com.ar\/?p=32883"},"modified":"2024-04-22T18:45:59","modified_gmt":"2024-04-22T21:45:59","slug":"policias-y-bomberos-recibieron-el-reconocimiento-del-gobernador-tras-el-rescate-de-una-familia-que-sufrio-un-incendio","status":"publish","type":"post","link":"https:\/\/chacosintesis.com.ar\/index.php\/policias-y-bomberos-recibieron-el-reconocimiento-del-gobernador-tras-el-rescate-de-una-familia-que-sufrio-un-incendio\/","title":{"rendered":"Polic\u00edas y Bomberos recibieron el reconocimiento del gobernador, tras el rescate de una familia que sufri\u00f3 un incendio"},"content":{"rendered":"<div class=\"postie-post\">Los agentes de la Polic\u00eda del Chaco Leonel Galarza, Eloy Lorenzo Vera y bomberos, fueron reconocidos por su labor con la que lograron rescatar y salvar la vida de tres personas que se encontraban en una vivienda incendiada. &#8220;Esto demuestra el compromiso y el valor de nuestros agentes de Polic\u00eda\u201d, destac\u00f3 el ministro Matkovich.<\/p>\n<p>El gobernador Leandro Zdero realiz\u00f3 este lunes, junto el ministro de Seguridad Hugo Matkovich, un reconocimiento a agentes de la Polic\u00eda del Chaco Leonel Galarza, Eloy Lorenzo Vera y bomberos que el pasado s\u00e1bado intervinieron y rescataron a las personas que se encontraban en un vivienda que se incendi\u00f3 en  Villa Los Lirios ( sobre las calles Jos\u00e9 Navarro e Hip\u00f3lito Irigoyen).<\/p>\n<p> El ministro Hugo Matkovich explic\u00f3 que \u201ca pedido del gobernador se ha convocado y brindado un reconocimiento a estos agentes que el s\u00e1bado han tenido un acto de mucha valent\u00eda, lo que demuestra el compromiso que tienen los hombres y mujeres de la Polic\u00eda del Chaco\u201d.<\/p>\n<p> \u201cEstos agentes han puesto en riesgo su vida y salvado a tres personas que estaban siendo afectadas por los efectos del fuego y el humo\u201d, agreg\u00f3 y ratific\u00f3 &#8220;el compromiso tanto del gobierno como del pueblo chaque\u00f1o en acompa\u00f1ar la tarea que la Polic\u00eda realiza a diario&#8221;.<\/p>\n<p>Matkovich asegur\u00f3 que esto no es un caso aislado, ya que uno de los efectivos (el agente Leonel Galarza) ha tenido otras importantes intervenciones, incluso con repercusi\u00f3n nacional, cuando el 7 de febrero pasado ofici\u00f3 de partero en un domicilio ubicado en Calle Ingeniero Schur 1700, estando en funciones en la Comisar\u00eda Quinta. All\u00ed una mujer solicit\u00f3 presencia policial cuando comenz\u00f3 con trabajos para dar a luz, y fue asistida por este efectivo y otra agente.<\/p>\n<p>Dos d\u00edas despu\u00e9s el mismo agente intervin\u00f3 en un urgencia m\u00e9dica en una vivienda en el Pasaje Ingeniero Schur 1800, donde un ni\u00f1o de tres a\u00f1os se encontraba con problemas respiratorios, y fue trasladado de inmediato al Hospital mientras otro polic\u00eda le realizaba asistencia respiratoria, siguiendo indicaciones de Galarza, quien realiz\u00f3 estudios para este tipo de situaciones. &#8220;Estas acciones tienen que ver con la formaci\u00f3n y la preparaci\u00f3n que tienen las fuerzas policiales de la provincia, y con el acompa\u00f1amiento del Gobierno de la Provincia&#8221;, asegur\u00f3 el ministro.<\/p>\n<p>Por su parte el jefe de la Polic\u00eda del Chaco, Fernando Romero destac\u00f3 el heroico acto de los agentes y el compromiso cotidiano de la Polic\u00eda.<br \/>\nLos agentes El agente de la Polic\u00eda del Chaco, Leonel Galarza quien arriesg\u00f3 su vida al llegar al foco \u00edgneo en Calle Navarro e Hip\u00f3lito Irigoyen coment\u00f3 que, junto a otro efectivo llegaron alrededor de las 18 del s\u00e1bado al domicilio donde se produjo el incendi\u00f3 y por dichos de vecinos pudieron saber que habitaban tres personas, una de ellas con discapacidad.<\/p>\n<p> El agente Eloy Lorenzo Vera detall\u00f3 el hecho: \u201cMuchas veces ponemos en primer lugar la vida de las otras personas y no pensamos en nosotros, actuamos por intuici\u00f3n y formaci\u00f3n. Eso es lo que pas\u00f3 ese d\u00eda y no dud\u00f3 un segundo e ingresamos al domicilio y logramos sacar a las personas que se encontraban ya rendidas dentro. Gracias a Dios logramos visualizarlos y poder sacarlos del domicilio y luego pudieron ser trasladados al hospital\u201d- finaliz\u00f3.<\/p><\/div>\n","protected":false},"excerpt":{"rendered":"<p>Los agentes de la Polic\u00eda del Chaco Leonel Galarza, Eloy Lorenzo Vera y bomberos, fueron reconocidos por su labor con la que lograron rescatar y salvar la vida de tres personas que se encontraban en una vivienda incendiada. &#8220;Esto demuestra el compromiso y el valor de nuestros agentes de Polic\u00eda\u201d, destac\u00f3 el ministro Matkovich. El [&hellip;]<\/p>\n","protected":false},"author":1,"featured_media":32884,"comment_status":"closed","ping_status":"closed","sticky":false,"template":"","format":"standard","meta":{"footnotes":""},"categories":[6],"tags":[],"class_list":{"0":"post-32883","1":"post","2":"type-post","3":"status-publish","4":"format-standard","5":"has-post-thumbnail","7":"category-chaco"},"_links":{"self":[{"href":"https:\/\/chacosintesis.com.ar\/index.php\/wp-json\/wp\/v2\/posts\/32883","targetHints":{"allow":["GET"]}}],"collection":[{"href":"https:\/\/chacosintesis.com.ar\/index.php\/wp-json\/wp\/v2\/posts"}],"about":[{"href":"https:\/\/chacosintesis.com.ar\/index.php\/wp-json\/wp\/v2\/types\/post"}],"author":[{"embeddable":true,"href":"https:\/\/chacosintesis.com.ar\/index.php\/wp-json\/wp\/v2\/users\/1"}],"replies":[{"embeddable":true,"href":"https:\/\/chacosintesis.com.ar\/index.php\/wp-json\/wp\/v2\/comments?post=32883"}],"version-history":[{"count":0,"href":"https:\/\/chacosintesis.com.ar\/index.php\/wp-json\/wp\/v2\/posts\/32883\/revisions"}],"wp:featuredmedia":[{"embeddable":true,"href":"https:\/\/chacosintesis.com.ar\/index.php\/wp-json\/wp\/v2\/media\/32884"}],"wp:attachment":[{"href":"https:\/\/chacosintesis.com.ar\/index.php\/wp-json\/wp\/v2\/media?parent=32883"}],"wp:term":[{"taxonomy":"category","embeddable":true,"href":"https:\/\/chacosintesis.com.ar\/index.php\/wp-json\/wp\/v2\/categories?post=32883"},{"taxonomy":"post_tag","embeddable":true,"href":"https:\/\/chacosintesis.com.ar\/index.php\/wp-json\/wp\/v2\/tags?post=32883"}],"curies":[{"name":"wp","href":"https:\/\/api.w.org\/{rel}","templated":true}]}}