{"id":32879,"date":"2024-04-22T18:41:03","date_gmt":"2024-04-22T21:41:03","guid":{"rendered":"https:\/\/chacosintesis.com.ar\/?p=32879"},"modified":"2024-04-22T18:45:45","modified_gmt":"2024-04-22T21:45:45","slug":"el-selectivo-de-la-liga-municipal-de-futbol-en-el-podio-del-torneo-globazo-de-las-brenas","status":"publish","type":"post","link":"https:\/\/chacosintesis.com.ar\/index.php\/el-selectivo-de-la-liga-municipal-de-futbol-en-el-podio-del-torneo-globazo-de-las-brenas\/","title":{"rendered":"El selectivo de la Liga Municipal de F\u00fatbol en el podio del torneo &#8220;Globazo&#8221; de Las Bre\u00f1as"},"content":{"rendered":"<div class=\"postie-post\">Este s\u00e1bado y domingo se disput\u00f3 en la ciudad de Las Bre\u00f1as, el torneo &#8220;Globazo&#8221; organizado por el Club Hurac\u00e1n de esa ciudad.<\/p>\n<p>La Liga Municipal de S\u00e1enz Pe\u00f1a particip\u00f3 con los selectivos 2009 qui\u00e9nes se consagraron campeones y el selectivo 2010 que fue subcampe\u00f3n.<\/p>\n<p>Los chicos estuvieron acompa\u00f1ados por el Subsecretario de Deporte Social y Comunitario Ivan Arredondo, el director de la Liga Braian Villan, el coordinador Cristian Gimenez, la Directora de Relaciones Institucionales Deportivas Nancy Cienfuegos y el cuerpo de enfermeras de la Subsecretar\u00eda  quienes asistieron a los deportistas en todo el viaje.<\/p>\n<p> Los resultados obtenidos demuestran el gran trabajo realizado por el municipio, a trav\u00e9s de la Secretar\u00eda de Desarrollo Humano y Deportes, que por decisi\u00f3n del intendente Bruno Cipolini realiza una fuerte apuesta al deporte local y al trabajo integral para acompa\u00f1ar el proyecto de vida de los ni\u00f1os y adolescentes de la ciudad.<\/p><\/div>\n","protected":false},"excerpt":{"rendered":"<p>Este s\u00e1bado y domingo se disput\u00f3 en la ciudad de Las Bre\u00f1as, el torneo &#8220;Globazo&#8221; organizado por el Club Hurac\u00e1n de esa ciudad. La Liga Municipal de S\u00e1enz Pe\u00f1a particip\u00f3 con los selectivos 2009 qui\u00e9nes se consagraron campeones y el selectivo 2010 que fue subcampe\u00f3n. Los chicos estuvieron acompa\u00f1ados por el Subsecretario de Deporte Social [&hellip;]<\/p>\n","protected":false},"author":1,"featured_media":32880,"comment_status":"closed","ping_status":"closed","sticky":false,"template":"","format":"standard","meta":{"footnotes":""},"categories":[6],"tags":[],"class_list":{"0":"post-32879","1":"post","2":"type-post","3":"status-publish","4":"format-standard","5":"has-post-thumbnail","7":"category-chaco"},"_links":{"self":[{"href":"https:\/\/chacosintesis.com.ar\/index.php\/wp-json\/wp\/v2\/posts\/32879","targetHints":{"allow":["GET"]}}],"collection":[{"href":"https:\/\/chacosintesis.com.ar\/index.php\/wp-json\/wp\/v2\/posts"}],"about":[{"href":"https:\/\/chacosintesis.com.ar\/index.php\/wp-json\/wp\/v2\/types\/post"}],"author":[{"embeddable":true,"href":"https:\/\/chacosintesis.com.ar\/index.php\/wp-json\/wp\/v2\/users\/1"}],"replies":[{"embeddable":true,"href":"https:\/\/chacosintesis.com.ar\/index.php\/wp-json\/wp\/v2\/comments?post=32879"}],"version-history":[{"count":0,"href":"https:\/\/chacosintesis.com.ar\/index.php\/wp-json\/wp\/v2\/posts\/32879\/revisions"}],"wp:featuredmedia":[{"embeddable":true,"href":"https:\/\/chacosintesis.com.ar\/index.php\/wp-json\/wp\/v2\/media\/32880"}],"wp:attachment":[{"href":"https:\/\/chacosintesis.com.ar\/index.php\/wp-json\/wp\/v2\/media?parent=32879"}],"wp:term":[{"taxonomy":"category","embeddable":true,"href":"https:\/\/chacosintesis.com.ar\/index.php\/wp-json\/wp\/v2\/categories?post=32879"},{"taxonomy":"post_tag","embeddable":true,"href":"https:\/\/chacosintesis.com.ar\/index.php\/wp-json\/wp\/v2\/tags?post=32879"}],"curies":[{"name":"wp","href":"https:\/\/api.w.org\/{rel}","templated":true}]}}