{"id":29087,"date":"2024-01-22T14:27:35","date_gmt":"2024-01-22T17:27:35","guid":{"rendered":"https:\/\/chacosintesis.com.ar\/?p=29087"},"modified":"2024-01-22T14:36:54","modified_gmt":"2024-01-22T17:36:54","slug":"funcionarios-provinciales-acompanaron-un-encuestro-regional-en-basail","status":"publish","type":"post","link":"https:\/\/chacosintesis.com.ar\/index.php\/funcionarios-provinciales-acompanaron-un-encuestro-regional-en-basail\/","title":{"rendered":"Funcionarios provinciales acompa\u00f1aron un encuestro regional en Basail"},"content":{"rendered":"<div class=\"postie-post\">Con el objetivo de fortalecer el trabajo en el territorio, funcionarios provinciales se reunieron este s\u00e1bado por la tarde en la localidad de Basail, en un nuevo Encuentro Regional planificado y ejecutado por la Secretar\u00eda de Asuntos Estrat\u00e9gicos, a cargo de Marcos Resico. Este encuentro no solo se centr\u00f3 en la localidad anfitriona, sino que tambi\u00e9n cont\u00f3 con la participaci\u00f3n de representantes de Cote Lai y Charadai.<br \/>\nAl explicar la iniciativa, Marcos Resico resalt\u00f3 la importancia de la impronta del gobernador Leandro Zdero de incrementar la presencia en el territorio, abordando las preocupaciones que enfrentan las comunidades en diversas localidades. En este sentido, destac\u00f3 la necesidad de la presencia coordinada de funcionarios de diferentes dependencias del Estado. &#8220;Estamos impulsando esta metodolog\u00eda de trabajo, escuchando a la gente y brindando soluciones sectoriales con la participaci\u00f3n de todas las \u00e1reas gubernamentales&#8221;, explic\u00f3.<br \/>\nLas demandas recogidas de los vecinos e instituciones en cada localidad permiten realizar un diagn\u00f3stico claro de las necesidades prioritarias, facilitando la proyecci\u00f3n de pol\u00edticas a corto plazo para abordar de manera efectiva estos requerimientos.<br \/>\nFinalmente, Resico subray\u00f3: &#8220;Nos corresponde a nosotros la responsabilidad de organizar el Estado en medio de un caos, sin precedentes. Es fundamental comunicar de inmediato la direcci\u00f3n clara que nos ha marcado el Gobernador para la provincia, garantizando as\u00ed una gesti\u00f3n eficiente&#8221;.<br \/>\nLa comitiva que acompa\u00f1\u00f3 a Resico en esta ocasi\u00f3n estuvo integrada por Gabriela Galarza (Subsecretaria de Municipios), Diego Paredes (Coordinador de Cultos), Diego Guti\u00e9rrez (Vocal IPDUV), Juan Chaussivert (Vocal Loter\u00eda Chaque\u00f1a), Marta Viviana Garc\u00eda (Subsecretaria de Econom\u00eda para el Desarrollo). Tambi\u00e9n estuvieron presentes los intendentes de Basail y Chorotis, Hern\u00e1n Paniagua y Anselmo Brod\u00f3n, respectivamente.<\/div>\n","protected":false},"excerpt":{"rendered":"<p>Con el objetivo de fortalecer el trabajo en el territorio, funcionarios provinciales se reunieron este s\u00e1bado por la tarde en la localidad de Basail, en un nuevo Encuentro Regional planificado y ejecutado por la Secretar\u00eda de Asuntos Estrat\u00e9gicos, a cargo de Marcos Resico. Este encuentro no solo se centr\u00f3 en la localidad anfitriona, sino que [&hellip;]<\/p>\n","protected":false},"author":1,"featured_media":29088,"comment_status":"closed","ping_status":"closed","sticky":false,"template":"","format":"standard","meta":{"footnotes":""},"categories":[6],"tags":[],"class_list":{"0":"post-29087","1":"post","2":"type-post","3":"status-publish","4":"format-standard","5":"has-post-thumbnail","7":"category-chaco"},"_links":{"self":[{"href":"https:\/\/chacosintesis.com.ar\/index.php\/wp-json\/wp\/v2\/posts\/29087","targetHints":{"allow":["GET"]}}],"collection":[{"href":"https:\/\/chacosintesis.com.ar\/index.php\/wp-json\/wp\/v2\/posts"}],"about":[{"href":"https:\/\/chacosintesis.com.ar\/index.php\/wp-json\/wp\/v2\/types\/post"}],"author":[{"embeddable":true,"href":"https:\/\/chacosintesis.com.ar\/index.php\/wp-json\/wp\/v2\/users\/1"}],"replies":[{"embeddable":true,"href":"https:\/\/chacosintesis.com.ar\/index.php\/wp-json\/wp\/v2\/comments?post=29087"}],"version-history":[{"count":0,"href":"https:\/\/chacosintesis.com.ar\/index.php\/wp-json\/wp\/v2\/posts\/29087\/revisions"}],"wp:featuredmedia":[{"embeddable":true,"href":"https:\/\/chacosintesis.com.ar\/index.php\/wp-json\/wp\/v2\/media\/29088"}],"wp:attachment":[{"href":"https:\/\/chacosintesis.com.ar\/index.php\/wp-json\/wp\/v2\/media?parent=29087"}],"wp:term":[{"taxonomy":"category","embeddable":true,"href":"https:\/\/chacosintesis.com.ar\/index.php\/wp-json\/wp\/v2\/categories?post=29087"},{"taxonomy":"post_tag","embeddable":true,"href":"https:\/\/chacosintesis.com.ar\/index.php\/wp-json\/wp\/v2\/tags?post=29087"}],"curies":[{"name":"wp","href":"https:\/\/api.w.org\/{rel}","templated":true}]}}