{"id":28594,"date":"2023-11-29T09:29:13","date_gmt":"2023-11-29T12:29:13","guid":{"rendered":"https:\/\/chacosintesis.com.ar\/?p=28594"},"modified":"2023-11-29T09:29:44","modified_gmt":"2023-11-29T12:29:44","slug":"este-miercoles-perciben-salarios-trabajadores-activos-de-la-administracion-publica","status":"publish","type":"post","link":"https:\/\/chacosintesis.com.ar\/index.php\/este-miercoles-perciben-salarios-trabajadores-activos-de-la-administracion-publica\/","title":{"rendered":"Este mi\u00e9rcoles perciben salarios trabajadores activos de la administraci\u00f3n p\u00fablica"},"content":{"rendered":"<div class=\"postie-post\">El cronograma de pago para la Administraci\u00f3n P\u00fablica Provincial, como es habitual, inici\u00f3 este martes 28 de noviembre con las y los jubilados y continuar\u00e1 con las y los trabajadores activos.<br \/>\nAs\u00ed, las y los trabajadores activos cobrar\u00e1n sus sueldos este mi\u00e9rcoles 29, cuando tendr\u00e1n disponibles sus haberes en cajeros autom\u00e1ticos del NBCH. Luego, podr\u00e1n retirar sus sueldos por ventanilla en las sucursales habilitadas por el banco provincial, a partir del jueves 30.<br \/>\nEn tanto, este martes 28, el gobierno abona salarios a las y los jubilados provinciales cuando, a partir de las 21, sus haberes est\u00e9n disponibles en los cajeros autom\u00e1ticos del Nuevo Banco del Chaco. Un d\u00eda despu\u00e9s, podr\u00e1n cobrar por ventanilla en las sucursales habilitadas por la entidad crediticia.<br \/>\nEl viernes de la semana pasada, el gobierno provincial deposit\u00f3 el Refrigerio en la tarjeta Tuya Recargable para todas y todos los trabajadores de la Administraci\u00f3n P\u00fablica de la Provincia.<br \/>\nEn el concepto de Refrigerio se aplicaron progresivamente distintos incrementos: una primera etapa, de $8.000, pasando de $16.500 a $24.500. Luego se sumaron $4.000, alcanzando $28.500. En la tercera etapa, un aumento de $4.000, lo que signific\u00f3 pasar de $28.500 a $32.500. De esta manera, en tres meses pr\u00e1cticamente se duplic\u00f3 el valor del Refrigerio.<\/div>\n","protected":false},"excerpt":{"rendered":"<p>El cronograma de pago para la Administraci\u00f3n P\u00fablica Provincial, como es habitual, inici\u00f3 este martes 28 de noviembre con las y los jubilados y continuar\u00e1 con las y los trabajadores activos. As\u00ed, las y los trabajadores activos cobrar\u00e1n sus sueldos este mi\u00e9rcoles 29, cuando tendr\u00e1n disponibles sus haberes en cajeros autom\u00e1ticos del NBCH. Luego, podr\u00e1n [&hellip;]<\/p>\n","protected":false},"author":1,"featured_media":28595,"comment_status":"closed","ping_status":"closed","sticky":false,"template":"","format":"standard","meta":{"footnotes":""},"categories":[6],"tags":[],"class_list":{"0":"post-28594","1":"post","2":"type-post","3":"status-publish","4":"format-standard","5":"has-post-thumbnail","7":"category-chaco"},"_links":{"self":[{"href":"https:\/\/chacosintesis.com.ar\/index.php\/wp-json\/wp\/v2\/posts\/28594","targetHints":{"allow":["GET"]}}],"collection":[{"href":"https:\/\/chacosintesis.com.ar\/index.php\/wp-json\/wp\/v2\/posts"}],"about":[{"href":"https:\/\/chacosintesis.com.ar\/index.php\/wp-json\/wp\/v2\/types\/post"}],"author":[{"embeddable":true,"href":"https:\/\/chacosintesis.com.ar\/index.php\/wp-json\/wp\/v2\/users\/1"}],"replies":[{"embeddable":true,"href":"https:\/\/chacosintesis.com.ar\/index.php\/wp-json\/wp\/v2\/comments?post=28594"}],"version-history":[{"count":0,"href":"https:\/\/chacosintesis.com.ar\/index.php\/wp-json\/wp\/v2\/posts\/28594\/revisions"}],"wp:featuredmedia":[{"embeddable":true,"href":"https:\/\/chacosintesis.com.ar\/index.php\/wp-json\/wp\/v2\/media\/28595"}],"wp:attachment":[{"href":"https:\/\/chacosintesis.com.ar\/index.php\/wp-json\/wp\/v2\/media?parent=28594"}],"wp:term":[{"taxonomy":"category","embeddable":true,"href":"https:\/\/chacosintesis.com.ar\/index.php\/wp-json\/wp\/v2\/categories?post=28594"},{"taxonomy":"post_tag","embeddable":true,"href":"https:\/\/chacosintesis.com.ar\/index.php\/wp-json\/wp\/v2\/tags?post=28594"}],"curies":[{"name":"wp","href":"https:\/\/api.w.org\/{rel}","templated":true}]}}