{"id":28590,"date":"2023-11-29T08:38:41","date_gmt":"2023-11-29T11:38:41","guid":{"rendered":"https:\/\/chacosintesis.com.ar\/?p=28590"},"modified":"2023-11-29T09:07:18","modified_gmt":"2023-11-29T12:07:18","slug":"declaro-sena-si-mi-esposa-se-va-a-morir-en-su-celda-yo-tambien-quiero-morir-en-la-mia","status":"publish","type":"post","link":"https:\/\/chacosintesis.com.ar\/index.php\/declaro-sena-si-mi-esposa-se-va-a-morir-en-su-celda-yo-tambien-quiero-morir-en-la-mia\/","title":{"rendered":"Declar\u00f3 Sena: &#8220;Si mi esposa se va a morir en su celda, yo tambi\u00e9n quiero morir en la m\u00eda&#8221;"},"content":{"rendered":"<div class=\"postie-post\">El dirigente social Emerenciano Sena acusado de asesinar a Cecilia Strzyzowski, este martes se present\u00f3 antes de las 14 a ampliar su declaraci\u00f3n de imputado. Acus\u00f3 al Instituto M\u00e9dico Forense de no revisarlo por su enfermedad y advirti\u00f3: &#8220;Yo quiero que quede claro que si mi esposa se va a morir en su celda yo tambi\u00e9n me quiero morir en mi celda&#8221;.<\/p>\n<p>Deb\u00eda declarar por la ma\u00f1ana, pero la presencia de movimientos sociales pidiendo por su libertad y de aquellos que acompa\u00f1an a Gloria Romero, oblig\u00f3 al Equipo Fiscal Especial a posponerla para la siesta. El tr\u00e1mite no fue sencillo porque cuando los polic\u00edas  de la comisar\u00eda Tercera se comunicaron con la fiscal\u00eda que llevar\u00edan al imputado, el abogado defensor Ricardo Osuna no estaba en los tribunales e hizo saber que no asistir\u00eda al acto indagatorio.<br \/>\nEl que estaba era el abogado Miguel Lukach, el codefensor de Sena, el que se sum\u00f3 hace dos semanas,  para aunar estrategia en el matrimonio piquetero y en medio de desinformaci\u00f3n period\u00edstica que aseguraba que Osuna hab\u00eda renunciado, algo que nunca sucedi\u00f3.<\/p>\n<p>El excandidato a diputado provincial este martes no aport\u00f3 un dato sobre el femicidio de su exnuera de 28 a\u00f1os y por el que est\u00e1 acusado de ser autor material su hijo C\u00e9sar de 19 a\u00f1os, con la complicidad de Emerenciano y Marcela Acu\u00f1a, adem\u00e1s de la presunta complicidad de Gustavo Obreg\u00f3n, Gustavo Melgarejo, Griselda Reinoso y Fabiana Gonz\u00e1lez.<br \/>\nSena en definitiva volvi\u00f3 a girar sobre su estado de salud, y cuestion\u00f3 el desinter\u00e9s de los peritos oficiales de someterlo a un estudio espec\u00edfico por su c\u00e1ncer de colon. Revel\u00f3 que Acu\u00f1a padece una grave enfermedad.<\/p>\n<p>A continuaci\u00f3n , NORTE da a conocer la declaraci\u00f3n completa de Sena:<br \/>\n &#8220;Yo Emerenciano Sena vengo a plantear o a denunciar al Instituto M\u00e9dico Forense porque me llevaron cuatro veces para interrogarme, y no me examinaron, quiero que se investigue si es una asociaci\u00f3n il\u00edcita, un complot contra la justicia, el fiscal o es contra Emerenciano Sena o el Gobierno. El da\u00f1o lo estamos sufriendo mi esposa y yo, mi esposa tiene c\u00e1ncer de tiroides y yo c\u00e1ncer de colon y no recibimos actualizados los controles m\u00e9dicos y las medicinas que corresponden, porque no tenemos ingreso libre para tener m\u00e9dico de cabecera. Yo quiero que quede claro que si mi esposa se va a morir en su celda yo tambi\u00e9n me quiero morir en mi celda, no por voluntad propia sino por culpa de la Fiscal\u00eda, o complot del IMF, en este mismo acto pido  mi libertad, porque en la causa no hay ni una prueba en mi contra, y es de conocimiento que a un padre no se lo puede condenar por lo que supuestamente hizo su hijo. Necesito : 1) estudio completo de estado de salud de mi esposa Marcela Acu\u00f1a, y una vez que ella se lo realice yo me presto para realizar los m\u00edos, Si el Fiscal quiere yo no tengo problema en tener un careo con los del IMF atento lo que declar\u00e9&#8221;.<\/p><\/div>\n","protected":false},"excerpt":{"rendered":"<p>El dirigente social Emerenciano Sena acusado de asesinar a Cecilia Strzyzowski, este martes se present\u00f3 antes de las 14 a ampliar su declaraci\u00f3n de imputado. Acus\u00f3 al Instituto M\u00e9dico Forense de no revisarlo por su enfermedad y advirti\u00f3: &#8220;Yo quiero que quede claro que si mi esposa se va a morir en su celda yo [&hellip;]<\/p>\n","protected":false},"author":1,"featured_media":28591,"comment_status":"closed","ping_status":"closed","sticky":false,"template":"","format":"standard","meta":{"footnotes":""},"categories":[6],"tags":[],"class_list":{"0":"post-28590","1":"post","2":"type-post","3":"status-publish","4":"format-standard","5":"has-post-thumbnail","7":"category-chaco"},"_links":{"self":[{"href":"https:\/\/chacosintesis.com.ar\/index.php\/wp-json\/wp\/v2\/posts\/28590","targetHints":{"allow":["GET"]}}],"collection":[{"href":"https:\/\/chacosintesis.com.ar\/index.php\/wp-json\/wp\/v2\/posts"}],"about":[{"href":"https:\/\/chacosintesis.com.ar\/index.php\/wp-json\/wp\/v2\/types\/post"}],"author":[{"embeddable":true,"href":"https:\/\/chacosintesis.com.ar\/index.php\/wp-json\/wp\/v2\/users\/1"}],"replies":[{"embeddable":true,"href":"https:\/\/chacosintesis.com.ar\/index.php\/wp-json\/wp\/v2\/comments?post=28590"}],"version-history":[{"count":0,"href":"https:\/\/chacosintesis.com.ar\/index.php\/wp-json\/wp\/v2\/posts\/28590\/revisions"}],"wp:featuredmedia":[{"embeddable":true,"href":"https:\/\/chacosintesis.com.ar\/index.php\/wp-json\/wp\/v2\/media\/28591"}],"wp:attachment":[{"href":"https:\/\/chacosintesis.com.ar\/index.php\/wp-json\/wp\/v2\/media?parent=28590"}],"wp:term":[{"taxonomy":"category","embeddable":true,"href":"https:\/\/chacosintesis.com.ar\/index.php\/wp-json\/wp\/v2\/categories?post=28590"},{"taxonomy":"post_tag","embeddable":true,"href":"https:\/\/chacosintesis.com.ar\/index.php\/wp-json\/wp\/v2\/tags?post=28590"}],"curies":[{"name":"wp","href":"https:\/\/api.w.org\/{rel}","templated":true}]}}