{"id":28581,"date":"2023-11-29T07:24:21","date_gmt":"2023-11-29T10:24:21","guid":{"rendered":"https:\/\/chacosintesis.com.ar\/?p=28581"},"modified":"2023-11-29T07:36:45","modified_gmt":"2023-11-29T10:36:45","slug":"pan-mercaderias-y-verduras-no-encuentran-techo-en-la-suba","status":"publish","type":"post","link":"https:\/\/chacosintesis.com.ar\/index.php\/pan-mercaderias-y-verduras-no-encuentran-techo-en-la-suba\/","title":{"rendered":"Pan, mercader\u00edas y verduras no encuentran techo en la suba"},"content":{"rendered":"<div class=\"postie-post\">Sin precios de referencia y la imposibilidad de compras para stock, peque\u00f1os supermercados y almacenes se mantienen en pie a la espera de se\u00f1ales de la macroeconom\u00eda.<\/p>\n<p>El aumento de precios que experimentaron productos de la canasta b\u00e1sica en las \u00faltimas semanas hace cada vez m\u00e1s cuesta arriba la situaci\u00f3n de peque\u00f1os supermercados y almacenes, en funci\u00f3n de que se dan en un contexto de depreciaci\u00f3n del salario y los ingresos de la ciudadan\u00eda en general.<\/p>\n<p>Si bien es cierto que las subas no son un novedad por la variaci\u00f3n que tuvo el costo de vida de este a\u00f1o, se dan en un contexto en el que todos los actores marcan la falta de certezas para el corto plazo en raz\u00f3n de que no existen precisiones del plan econ\u00f3mico que tendr\u00e1 el gobierno entrante y su impacto en la actividad diaria.<br \/>\nMiguel Simons, referente de los supermercadistas, indic\u00f3 que si se cumpliera la decisi\u00f3n de quienes comandar\u00e1n el pa\u00eds desde el 10 de diciembre de sincerar los valores de servicios p\u00fablicos y combustibles, no puede esperarse otra cosa que el traslado a los costos operativos de la industria y proveedores por ende toda la cadena se ver\u00e1 afectada hasta llegar al consumidor final.<br \/>\nEn ese escenario, observan con preocupaci\u00f3n lo que puede llegar a ocurrir con aquellos comercios de proximidad en raz\u00f3n de que hoy ya les cuesta competir con los hipermercados o locales de grandes superficies porque son los \u00fanicos que tienen productos del programa Precios Cuidados, y que, cuando est\u00e1 opci\u00f3n desaparezca, tambi\u00e9n ser\u00e1n los que por respaldo financiero, efectuar vol\u00famenes de compras importantes de modo tal de mejorar precios de venta.<\/p>\n<p>VALORES<br \/>\nNORTE se acerc\u00f3 hasta la feria franca en la que sus protagonistas se\u00f1alaron los incrementos que se dieron en los \u00faltimos d\u00edas, el kilo de papas salt\u00f3 de los 500 hasta los 700 pesos, la banana ecuatoriana se vende entre 2100 y 2300 el kilo cuando hasta hace un pu\u00f1ado de d\u00edas costaba 1.500 pesos, el tomate redondo se paga 1500 el kilo cuando estaba 1000 hace poco tiempo y una sand\u00eda se paga hasta 2000 pesos.<br \/>\nEn supermercados y almacenes la realidad no es distinta, los l\u00e1cteos aumentaron en promedio un 13 por ciento y hay coincidencias en las dificultades para conseguir quesos, cualquiera sea la marca.<br \/>\nEn bebidas, Simons indic\u00f3 que tanto lo que son gaseosas como cervezas el incremento que se dio fue del 13 por ciento y en harinas y productos secos si se contaran las variaciones de las dos \u00faltimas semanas, se llega a un 22 por ciento. El dirigente indic\u00f3 que esto se da en conjunto con la negativa de proveedores de entregar cantidades importante de mercader\u00eda de modo tal que supermercados que puedan tengan el stock suficiente ya sea por eventualidades o como pol\u00edtica para atenuar nuevos aumentos.<br \/>\n DIARIO NORTE.-<\/p>\n<\/div>\n","protected":false},"excerpt":{"rendered":"<p>Sin precios de referencia y la imposibilidad de compras para stock, peque\u00f1os supermercados y almacenes se mantienen en pie a la espera de se\u00f1ales de la macroeconom\u00eda. El aumento de precios que experimentaron productos de la canasta b\u00e1sica en las \u00faltimas semanas hace cada vez m\u00e1s cuesta arriba la situaci\u00f3n de peque\u00f1os supermercados y almacenes, [&hellip;]<\/p>\n","protected":false},"author":1,"featured_media":28582,"comment_status":"closed","ping_status":"closed","sticky":false,"template":"","format":"standard","meta":{"footnotes":""},"categories":[6],"tags":[197],"class_list":{"0":"post-28581","1":"post","2":"type-post","3":"status-publish","4":"format-standard","5":"has-post-thumbnail","7":"category-chaco","8":"tag-destacada"},"_links":{"self":[{"href":"https:\/\/chacosintesis.com.ar\/index.php\/wp-json\/wp\/v2\/posts\/28581","targetHints":{"allow":["GET"]}}],"collection":[{"href":"https:\/\/chacosintesis.com.ar\/index.php\/wp-json\/wp\/v2\/posts"}],"about":[{"href":"https:\/\/chacosintesis.com.ar\/index.php\/wp-json\/wp\/v2\/types\/post"}],"author":[{"embeddable":true,"href":"https:\/\/chacosintesis.com.ar\/index.php\/wp-json\/wp\/v2\/users\/1"}],"replies":[{"embeddable":true,"href":"https:\/\/chacosintesis.com.ar\/index.php\/wp-json\/wp\/v2\/comments?post=28581"}],"version-history":[{"count":0,"href":"https:\/\/chacosintesis.com.ar\/index.php\/wp-json\/wp\/v2\/posts\/28581\/revisions"}],"wp:featuredmedia":[{"embeddable":true,"href":"https:\/\/chacosintesis.com.ar\/index.php\/wp-json\/wp\/v2\/media\/28582"}],"wp:attachment":[{"href":"https:\/\/chacosintesis.com.ar\/index.php\/wp-json\/wp\/v2\/media?parent=28581"}],"wp:term":[{"taxonomy":"category","embeddable":true,"href":"https:\/\/chacosintesis.com.ar\/index.php\/wp-json\/wp\/v2\/categories?post=28581"},{"taxonomy":"post_tag","embeddable":true,"href":"https:\/\/chacosintesis.com.ar\/index.php\/wp-json\/wp\/v2\/tags?post=28581"}],"curies":[{"name":"wp","href":"https:\/\/api.w.org\/{rel}","templated":true}]}}