{"id":28578,"date":"2023-11-28T12:06:13","date_gmt":"2023-11-28T15:06:13","guid":{"rendered":"https:\/\/chacosintesis.com.ar\/?p=28578"},"modified":"2023-11-28T12:06:39","modified_gmt":"2023-11-28T15:06:39","slug":"fernando-romero-sera-el-jefe-de-la-policia-del-chaco-e-irene-dumrauf-presidente-del-insssep","status":"publish","type":"post","link":"https:\/\/chacosintesis.com.ar\/index.php\/fernando-romero-sera-el-jefe-de-la-policia-del-chaco-e-irene-dumrauf-presidente-del-insssep\/","title":{"rendered":"Fernando Romero ser\u00e1 el Jefe de la Polic\u00eda del Chaco e Irene Dumrauf presidente del INSSSEP"},"content":{"rendered":"<div class=\"postie-post\">El gobernador electo Leandro Zdero, dio a conocer en el transcurso de esta ma\u00f1ana, nuevos nombramientos que integrar\u00e1n la pr\u00f3xima gesti\u00f3n de gobierno. Se trata del Comisario General (retirado) Fernando Romero, quien estar\u00e1 al frente de la Jefatura de Polic\u00eda del Chaco y de Irene Dumrauf, como presidenta del Instituto de Seguridad Social, Seguros y Pr\u00e9stamos (INSSSEP).<\/p>\n<p>JEFE DE POLIC\u00cdA DEL CHACO<br \/>\nFernando Romero<\/p>\n<p>Es Comisario General ( r ) de la Polic\u00eda del Chaco y adem\u00e1s, es T\u00e9cnico Superior en Seguridad P\u00fablica. En sus m\u00e1s de 30 a\u00f1os de servicio, trabaj\u00f3 en distintas dependencias policiales, como Director de Zona Interior y Director Gral. de Seguridad Interior en Pcia Roque S. Pe\u00f1a; Director Gral. de Recursos Humanos y Materiales; Director Gral. de Investigaciones y Jefe de Polic\u00eda de la Provincia, cargo que ces\u00f3 el 20-7-20 y se acogi\u00f3 al beneficio del Retiro Obligatorio.<\/p>\n<p>PRESIDENCIA DEL INSSSEP<br \/>\nIrene Dumrauf<\/p>\n<p>Es docente, profesora de Historia, Geograf\u00eda y Formaci\u00f3n C\u00edvica; t\u00edtulo extendido por la UNNE. Fue concejal de la ciudad de Resistencia, Secretaria de Gobierno del Municipio capitalino y diputada provincial (m\/c). Adem\u00e1s, ocup\u00f3 el cargo de vicepresidente en la legislatura provincial. Realiza permanentes trabajos sociales vinculados a los sectores vulnerables de la ciudad de Resistencia.<\/p>\n<\/div>\n","protected":false},"excerpt":{"rendered":"<p>El gobernador electo Leandro Zdero, dio a conocer en el transcurso de esta ma\u00f1ana, nuevos nombramientos que integrar\u00e1n la pr\u00f3xima gesti\u00f3n de gobierno. Se trata del Comisario General (retirado) Fernando Romero, quien estar\u00e1 al frente de la Jefatura de Polic\u00eda del Chaco y de Irene Dumrauf, como presidenta del Instituto de Seguridad Social, Seguros y [&hellip;]<\/p>\n","protected":false},"author":1,"featured_media":28579,"comment_status":"closed","ping_status":"closed","sticky":false,"template":"","format":"standard","meta":{"footnotes":""},"categories":[6],"tags":[197],"class_list":{"0":"post-28578","1":"post","2":"type-post","3":"status-publish","4":"format-standard","5":"has-post-thumbnail","7":"category-chaco","8":"tag-destacada"},"_links":{"self":[{"href":"https:\/\/chacosintesis.com.ar\/index.php\/wp-json\/wp\/v2\/posts\/28578","targetHints":{"allow":["GET"]}}],"collection":[{"href":"https:\/\/chacosintesis.com.ar\/index.php\/wp-json\/wp\/v2\/posts"}],"about":[{"href":"https:\/\/chacosintesis.com.ar\/index.php\/wp-json\/wp\/v2\/types\/post"}],"author":[{"embeddable":true,"href":"https:\/\/chacosintesis.com.ar\/index.php\/wp-json\/wp\/v2\/users\/1"}],"replies":[{"embeddable":true,"href":"https:\/\/chacosintesis.com.ar\/index.php\/wp-json\/wp\/v2\/comments?post=28578"}],"version-history":[{"count":0,"href":"https:\/\/chacosintesis.com.ar\/index.php\/wp-json\/wp\/v2\/posts\/28578\/revisions"}],"wp:featuredmedia":[{"embeddable":true,"href":"https:\/\/chacosintesis.com.ar\/index.php\/wp-json\/wp\/v2\/media\/28579"}],"wp:attachment":[{"href":"https:\/\/chacosintesis.com.ar\/index.php\/wp-json\/wp\/v2\/media?parent=28578"}],"wp:term":[{"taxonomy":"category","embeddable":true,"href":"https:\/\/chacosintesis.com.ar\/index.php\/wp-json\/wp\/v2\/categories?post=28578"},{"taxonomy":"post_tag","embeddable":true,"href":"https:\/\/chacosintesis.com.ar\/index.php\/wp-json\/wp\/v2\/tags?post=28578"}],"curies":[{"name":"wp","href":"https:\/\/api.w.org\/{rel}","templated":true}]}}