{"id":28562,"date":"2023-11-28T07:52:14","date_gmt":"2023-11-28T10:52:14","guid":{"rendered":"https:\/\/chacosintesis.com.ar\/?p=28562"},"modified":"2023-11-28T08:07:39","modified_gmt":"2023-11-28T11:07:39","slug":"murio-un-joven-docente-en-tragico-siniestro-de-la-ruta-95","status":"publish","type":"post","link":"https:\/\/chacosintesis.com.ar\/index.php\/murio-un-joven-docente-en-tragico-siniestro-de-la-ruta-95\/","title":{"rendered":"Muri\u00f3 un joven docente en tr\u00e1gico siniestro de la ruta 95"},"content":{"rendered":"<div class=\"postie-post\">Ocurri\u00f3 a las 13 de este lunes un siniestro vial en el que falleci\u00f3 un joven docente en la ruta nacional 95 kil\u00f3metro 999, a pocos metros al norte de la localidad de Coronel du Graty. Sucedi\u00f3 entre las dos estaciones de servicio existentes del lugar.<br \/>\n Por causas que se tratan de establecer, una motocicleta marca Honda modelo Twister que era conducida por un hombre que circulaba en sentido norte a sur (Villa \u00c1ngela a Santa Sylvina), impact\u00f3 de lleno sobre  un cami\u00f3n marca Mercedes Benz con acoplado, que proven\u00eda de la ciudad de Tres Arroyos, provincia de Buenos Aires, con destino final a Charata.<br \/>\nSeg\u00fan testigos de la zona, la moto conducida por el docente se cruz\u00f3 de carril dando de lleno de enfrente al cami\u00f3n que proven\u00eda de sentido contrario. La muerte fue en el acto, seg\u00fan lo determin\u00f3 la doctora Karina Dipaolo que se encontraba de turno del hospital local.<\/p>\n<p>El hombre del menor rodado fue identificado como Marino Lionel Frayle (43 a\u00f1os), con domicilio en el barrio Judicial de la ciudad de Villa \u00c1ngela, pero era oriundo de Santa Sylvina. El hombre se desempe\u00f1aba como docente en el \u00e1rea de Pr\u00e1ctica (Pl\u00e1stica) en la Escuela 197 &#8220;\u00c1ngela Acu\u00f1a&#8221; en el turno tarde y en la localidad de Santa Sylvina.<br \/>\nSeg\u00fan fuentes policiales, el caso fue caratulado como &#8220;Supuesto accidente tr\u00e1nsito fatal&#8221;. Se solicit\u00f3 colaboraci\u00f3n de la Divisi\u00f3n Criminal\u00edstica. Tom\u00f3 conocimiento adem\u00e1s el fiscal de turno N\u00b0 3 de Villa \u00c1ngela, a cargo de Sergio Ram\u00f3n R\u00edos.<br \/>\nLa familia educativa de la escuela 197 est\u00e1 de luto. Al conocerse la noticia, los docentes lamentaron el hecho por el que a\u00fan esperan explicaci\u00f3n.<\/p>\n<p>DIARIO NORTE.-<\/p><\/div>\n","protected":false},"excerpt":{"rendered":"<p>Ocurri\u00f3 a las 13 de este lunes un siniestro vial en el que falleci\u00f3 un joven docente en la ruta nacional 95 kil\u00f3metro 999, a pocos metros al norte de la localidad de Coronel du Graty. Sucedi\u00f3 entre las dos estaciones de servicio existentes del lugar. Por causas que se tratan de establecer, una motocicleta [&hellip;]<\/p>\n","protected":false},"author":1,"featured_media":28563,"comment_status":"closed","ping_status":"closed","sticky":false,"template":"","format":"standard","meta":{"footnotes":""},"categories":[6],"tags":[],"class_list":{"0":"post-28562","1":"post","2":"type-post","3":"status-publish","4":"format-standard","5":"has-post-thumbnail","7":"category-chaco"},"_links":{"self":[{"href":"https:\/\/chacosintesis.com.ar\/index.php\/wp-json\/wp\/v2\/posts\/28562","targetHints":{"allow":["GET"]}}],"collection":[{"href":"https:\/\/chacosintesis.com.ar\/index.php\/wp-json\/wp\/v2\/posts"}],"about":[{"href":"https:\/\/chacosintesis.com.ar\/index.php\/wp-json\/wp\/v2\/types\/post"}],"author":[{"embeddable":true,"href":"https:\/\/chacosintesis.com.ar\/index.php\/wp-json\/wp\/v2\/users\/1"}],"replies":[{"embeddable":true,"href":"https:\/\/chacosintesis.com.ar\/index.php\/wp-json\/wp\/v2\/comments?post=28562"}],"version-history":[{"count":0,"href":"https:\/\/chacosintesis.com.ar\/index.php\/wp-json\/wp\/v2\/posts\/28562\/revisions"}],"wp:featuredmedia":[{"embeddable":true,"href":"https:\/\/chacosintesis.com.ar\/index.php\/wp-json\/wp\/v2\/media\/28563"}],"wp:attachment":[{"href":"https:\/\/chacosintesis.com.ar\/index.php\/wp-json\/wp\/v2\/media?parent=28562"}],"wp:term":[{"taxonomy":"category","embeddable":true,"href":"https:\/\/chacosintesis.com.ar\/index.php\/wp-json\/wp\/v2\/categories?post=28562"},{"taxonomy":"post_tag","embeddable":true,"href":"https:\/\/chacosintesis.com.ar\/index.php\/wp-json\/wp\/v2\/tags?post=28562"}],"curies":[{"name":"wp","href":"https:\/\/api.w.org\/{rel}","templated":true}]}}