{"id":28556,"date":"2023-11-27T11:17:06","date_gmt":"2023-11-27T14:17:06","guid":{"rendered":"https:\/\/chacosintesis.com.ar\/?p=28556"},"modified":"2023-11-27T11:37:17","modified_gmt":"2023-11-27T14:37:17","slug":"el-gobernador-electo-leandro-zdero-dio-a-conocer-los-integrantes-de-su-gabinete","status":"publish","type":"post","link":"https:\/\/chacosintesis.com.ar\/index.php\/el-gobernador-electo-leandro-zdero-dio-a-conocer-los-integrantes-de-su-gabinete\/","title":{"rendered":"El gobernador electo Leandro Zdero dio a conocer los integrantes de su gabinete"},"content":{"rendered":"<div class=\"postie-post\">El gobernador electo Leandro Zdero dio a conocer este lunes, a trav\u00e9s de un comunicado de prensa, qui\u00e9nes integrar\u00e1n su gabinete a partir del 10 de diciembre. \u201cCompromiso y coraje\u201d fueron las palabras elegidas por Zdero, para definir el perfil de sus funcionarios convocados en esta gesti\u00f3n:<\/p>\n<p>SECRETAR\u00cdA DE COORDINACI\u00d3N DE GABINETE<br \/>\nLivio Gutierrez<\/p>\n<p>Es abogado, fue concejal municipal; asesor de municipios; integrante del Consejo de la Magistratura Chaco, en dos oportunidades; presidente de la Micro Regi\u00f3n Sudoeste II, en representaci\u00f3n de la C\u00e1mara de Comercio de Las Bre\u00f1as. Integrante de la Comisi\u00f3n Federal Cambio Clim\u00e1tico de legislaturas conectadas. Legislador provincial.<\/p>\n<p>SECRETAR\u00cdA DE ASUNTOS ESTRAT\u00c9GICOS<br \/>\nMarcos Resico<\/p>\n<p>Fue dirigente universitario, coordinador del censo Programa Familia, coordinador de UNNE Salud y Director de la imprenta digital UNNE. Cumpli\u00f3 funciones en los municipios de Resistencia y Barranqueras. Trabaj\u00f3 en el sector privado y desarrolla una actividad comercial independiente. Fue Secretario General de la Franja Morada y de la juventud radical del Chaco.<\/p>\n<p>SECRETAR\u00cdA GENERAL DE LA GOBERNACI\u00d3N<br \/>\nCarolina Meiri\u00f1o<\/p>\n<p>Es abogada. Fue Subsecretaria de Gobierno de la Municipalidad de Resistencia y Coordinadora de la Direcci\u00f3n de Defensa al Consumidor y Lealtad Comercial. Actualmente, se desempe\u00f1a en la Fiscal\u00eda Municipal.<\/p>\n<p>ASESORA GENERAL DE LA GOBERNACI\u00d3N<br \/>\nAlejandra Ferreyra<\/p>\n<p>Es abogada; Magister en Derecho Administrativo y Mag\u00edster en Legislatura Judicial. Fue Asesora Legal de la Sec. Legal y T\u00e9cnica del Municipio de Rcia; fue Secretaria Relatora del Juzgado de Faltas Municipal y Sec. de la C\u00e1mara Contenciosa Administrativa. Actualmente, es docente en la UNNE, en La Universidad Cat\u00f3lica de Salta y en la Cuenca del Plata.<\/p>\n<p>MINISTERIO DE DESARROLLO HUMANO<br \/>\nCarina Botteri Disoff<\/p>\n<p>Es abogada, egresada de la UNNE y realiz\u00f3 la Maestr\u00eda en Gesti\u00f3n P\u00fablica. Posgrado de Derecho Procesal Civil y Comercial y sobre la Protecci\u00f3n de los Consumidores en el Ordenamiento Jur\u00eddico. Trabaj\u00f3 en el sector privado y desarrolla una actividad comercial independiente.<\/p>\n<p>MINISTERIO DE EDUCACI\u00d3N, CULTURA, CIENCIA Y TECNOLOG\u00cdA<br \/>\nSof\u00eda Naidenoff<\/p>\n<p>Es Profesora en Ciencias Econ\u00f3micas y realiz\u00f3 la Maestr\u00eda en Formador de Formadores Docentes, la Maestr\u00eda en Redes Digitales y el Posgrado en Gesti\u00f3n de las Organizaciones. Fue Subsecretaria de Ciencia y Tecnolog\u00eda; Coordinadora Gral. de Proyectos; Coordinadora Responsable de Capacitaci\u00f3n y Formaci\u00f3n Docente.<\/p>\n<p>MINISTERIO DE GOBIERNO, JUSTICIA, TRABAJO Y DERECHOS HUMANOS<br \/>\nJorge \u201cPato\u201d Gomez<\/p>\n<p>Es Abogado y Especialista en Derecho Penal. Fue Fiscal en la ciudad de J.J Castelli y tambi\u00e9n Fiscal de la C\u00e1mara del Crimen 1 en Resistencia.<\/p>\n<p>MINISTERIO DE HACIENDA Y FINANZAS<br \/>\nAlejandro Abraam<\/p>\n<p>Es Contador P\u00fablico, egresado de la UNNE. Adem\u00e1s, Especialista en Sindicatura Concursal, trabaj\u00f3 en el sector privado, en finanzas y en Salud. Fue Secretario de Econom\u00eda de la Municipalidad de Resistencia y actualmente, se desempe\u00f1a como Director Gral. de Administraci\u00f3n, del Poder Judicial del Chaco.<\/p>\n<p>MINISTERIO DE INFRAESTRUCTURA, OBRAS Y SERVICIOS P\u00daBLICOS<br \/>\nHugo Dom\u00ednguez<\/p>\n<p>Es Ingeniero en Construcciones, egresado de la UNNE y Mag\u00edster en Pol\u00edticas P\u00fablicas UB (Barcelona, Espa\u00f1a). Es docente universitario, fue Secretario Gral. de Extensi\u00f3n de la UNNE, diputado provincial (MC) y Delegado Nacional de Comunicaciones.<\/p>\n<p>MINISTERIO DE LA PRODUCCI\u00d3N Y EL DESARROLLO ECON\u00d3MICO SOSTENIBLE<br \/>\nHern\u00e1n Halavacs<\/p>\n<p>Es Ingeniero Agr\u00f3nomo, egresado de la UNNE y T\u00e9cnico Forestal. Es Productor Agr\u00edcola y Ganadero. Desarrolla sus actividades agr\u00edcolas en contacto con productores de toda la provincia y se especializ\u00f3 en el \u00e1rea forestal.<\/p>\n<p>MINISTERIO DE SALUD<br \/>\nSergio Rodriguez<\/p>\n<p>Es M\u00e9dico, especialista en Medicina Interna, especialista en Infectolog\u00eda, docente titular de la C\u00e1tedra de Medicina Interna y Campos Cl\u00ednicos I. Fue Director del Hospital 4 de junio, Jefe de Docencia, del Servicio de Infectolog\u00eda y Jefe municipal del Programa de Salud de S\u00e1enz Pe\u00f1a.<\/p>\n<p>MINISTERIO DE SEGURIDAD<br \/>\nHugo Matkovich<\/p>\n<p>Es abogado, egresado de la UNNE. Fue ministro de Gobierno, Justicia y Trabajo; Intendente en la localidad de Presidencia Roca y legislador provincial (M\/C). Fue Miembro de la Delegaci\u00f3n Argentina ante la Comisi\u00f3n Interamericana de Derechos Humanos; integr\u00f3 el Consejo de Seguridad Interior y el Consejo de la Magistratura y Jurado de Enjuiciamiento.<\/p>\n<\/div>\n","protected":false},"excerpt":{"rendered":"<p>El gobernador electo Leandro Zdero dio a conocer este lunes, a trav\u00e9s de un comunicado de prensa, qui\u00e9nes integrar\u00e1n su gabinete a partir del 10 de diciembre. \u201cCompromiso y coraje\u201d fueron las palabras elegidas por Zdero, para definir el perfil de sus funcionarios convocados en esta gesti\u00f3n: SECRETAR\u00cdA DE COORDINACI\u00d3N DE GABINETE Livio Gutierrez Es [&hellip;]<\/p>\n","protected":false},"author":1,"featured_media":28557,"comment_status":"closed","ping_status":"closed","sticky":false,"template":"","format":"standard","meta":{"footnotes":""},"categories":[6],"tags":[197],"class_list":{"0":"post-28556","1":"post","2":"type-post","3":"status-publish","4":"format-standard","5":"has-post-thumbnail","7":"category-chaco","8":"tag-destacada"},"_links":{"self":[{"href":"https:\/\/chacosintesis.com.ar\/index.php\/wp-json\/wp\/v2\/posts\/28556","targetHints":{"allow":["GET"]}}],"collection":[{"href":"https:\/\/chacosintesis.com.ar\/index.php\/wp-json\/wp\/v2\/posts"}],"about":[{"href":"https:\/\/chacosintesis.com.ar\/index.php\/wp-json\/wp\/v2\/types\/post"}],"author":[{"embeddable":true,"href":"https:\/\/chacosintesis.com.ar\/index.php\/wp-json\/wp\/v2\/users\/1"}],"replies":[{"embeddable":true,"href":"https:\/\/chacosintesis.com.ar\/index.php\/wp-json\/wp\/v2\/comments?post=28556"}],"version-history":[{"count":0,"href":"https:\/\/chacosintesis.com.ar\/index.php\/wp-json\/wp\/v2\/posts\/28556\/revisions"}],"wp:featuredmedia":[{"embeddable":true,"href":"https:\/\/chacosintesis.com.ar\/index.php\/wp-json\/wp\/v2\/media\/28557"}],"wp:attachment":[{"href":"https:\/\/chacosintesis.com.ar\/index.php\/wp-json\/wp\/v2\/media?parent=28556"}],"wp:term":[{"taxonomy":"category","embeddable":true,"href":"https:\/\/chacosintesis.com.ar\/index.php\/wp-json\/wp\/v2\/categories?post=28556"},{"taxonomy":"post_tag","embeddable":true,"href":"https:\/\/chacosintesis.com.ar\/index.php\/wp-json\/wp\/v2\/tags?post=28556"}],"curies":[{"name":"wp","href":"https:\/\/api.w.org\/{rel}","templated":true}]}}