{"id":28538,"date":"2023-11-25T13:00:12","date_gmt":"2023-11-25T16:00:12","guid":{"rendered":"https:\/\/chacosintesis.com.ar\/?p=28538"},"modified":"2023-11-25T13:06:51","modified_gmt":"2023-11-25T16:06:51","slug":"zdero-diserto-en-el-10o-congreso-regional-de-economia-en-corrientes","status":"publish","type":"post","link":"https:\/\/chacosintesis.com.ar\/index.php\/zdero-diserto-en-el-10o-congreso-regional-de-economia-en-corrientes\/","title":{"rendered":"Zdero disert\u00f3 en el 10\u00ba Congreso Regional de Econom\u00eda en Corrientes"},"content":{"rendered":"<div class=\"postie-post\">El gobernador electo Leandro Zdero disert\u00f3 este mediod\u00eda en el 10\u00b0 Congreso Regional de Econom\u00eda, organizado por la Fundaci\u00f3n Club de la Libertad, en la Ciudad de Corrientes. La tem\u00e1tica central es \u201cLa Reforma del Estado\u201d en el cual participan 40 oradores locales, nacionales e internacionales. \u201cMuy agradecido por la invitaci\u00f3n, vengo siempre y para m\u00ed es muy importante la experiencia, como as\u00ed tambi\u00e9n, el intercambio de visiones de cada uno de los expositores. Desde Chaco, proponemos un plan de certidumbre a la gente, que trascienda en el tiempo y fije prioridades. Para eso, establecimos un plan participativo, haciendo una convocatoria, un pacto social y pol\u00edtico con todos los sectores e intendentes del Chaco\u201d- se\u00f1al\u00f3 Zdero.<\/p>\n<p>Este encuentro comenz\u00f3 ayer jueves y concluye hoy, en el Hotel de Turismo con jornadas enriquecedoras de ponencias individuales, videoconferencias, di\u00e1logos y paneles. Acompa\u00f1ado en su disertaci\u00f3n por el presidente del Club de la Libertad, Alberto Medina M\u00e9ndez, Zdero agreg\u00f3: \u201cHoy los ciudadanos necesitan de un estado presente porque la confianza es ese plus que lamentablemente se perdi\u00f3; la pol\u00edtica dej\u00f3 de escuchar a la gente y por eso, debemos reconstruirlo con decisiones y acciones claras que marquen ese norte de desarrollo y crecimiento\u201d.<\/p>\n<p>Por \u00faltimo, Zdero remarc\u00f3: \u201cEstos encuentros son fundamentales, a 40 a\u00f1os de Democracia en un contexto de pa\u00eds que aguarda y se abre a nuevas oportunidades en esta pr\u00f3xima etapa que se viene. Por eso, el rol del estado es fundamental, por un estado que le facilite la vida a la gente, brinde oportunidades y no las frustre. Tenemos en estos pr\u00f3ximos 4 a\u00f1os el gran desaf\u00edo de lograr un pa\u00eds y un Chaco mejor\u201d.<\/p><\/div>\n","protected":false},"excerpt":{"rendered":"<p>El gobernador electo Leandro Zdero disert\u00f3 este mediod\u00eda en el 10\u00b0 Congreso Regional de Econom\u00eda, organizado por la Fundaci\u00f3n Club de la Libertad, en la Ciudad de Corrientes. La tem\u00e1tica central es \u201cLa Reforma del Estado\u201d en el cual participan 40 oradores locales, nacionales e internacionales. \u201cMuy agradecido por la invitaci\u00f3n, vengo siempre y para [&hellip;]<\/p>\n","protected":false},"author":1,"featured_media":28539,"comment_status":"closed","ping_status":"closed","sticky":false,"template":"","format":"standard","meta":{"footnotes":""},"categories":[6],"tags":[],"class_list":{"0":"post-28538","1":"post","2":"type-post","3":"status-publish","4":"format-standard","5":"has-post-thumbnail","7":"category-chaco"},"_links":{"self":[{"href":"https:\/\/chacosintesis.com.ar\/index.php\/wp-json\/wp\/v2\/posts\/28538","targetHints":{"allow":["GET"]}}],"collection":[{"href":"https:\/\/chacosintesis.com.ar\/index.php\/wp-json\/wp\/v2\/posts"}],"about":[{"href":"https:\/\/chacosintesis.com.ar\/index.php\/wp-json\/wp\/v2\/types\/post"}],"author":[{"embeddable":true,"href":"https:\/\/chacosintesis.com.ar\/index.php\/wp-json\/wp\/v2\/users\/1"}],"replies":[{"embeddable":true,"href":"https:\/\/chacosintesis.com.ar\/index.php\/wp-json\/wp\/v2\/comments?post=28538"}],"version-history":[{"count":0,"href":"https:\/\/chacosintesis.com.ar\/index.php\/wp-json\/wp\/v2\/posts\/28538\/revisions"}],"wp:featuredmedia":[{"embeddable":true,"href":"https:\/\/chacosintesis.com.ar\/index.php\/wp-json\/wp\/v2\/media\/28539"}],"wp:attachment":[{"href":"https:\/\/chacosintesis.com.ar\/index.php\/wp-json\/wp\/v2\/media?parent=28538"}],"wp:term":[{"taxonomy":"category","embeddable":true,"href":"https:\/\/chacosintesis.com.ar\/index.php\/wp-json\/wp\/v2\/categories?post=28538"},{"taxonomy":"post_tag","embeddable":true,"href":"https:\/\/chacosintesis.com.ar\/index.php\/wp-json\/wp\/v2\/tags?post=28538"}],"curies":[{"name":"wp","href":"https:\/\/api.w.org\/{rel}","templated":true}]}}