{"id":28526,"date":"2023-11-24T09:00:20","date_gmt":"2023-11-24T12:00:20","guid":{"rendered":"https:\/\/chacosintesis.com.ar\/?p=28526"},"modified":"2023-11-24T09:06:39","modified_gmt":"2023-11-24T12:06:39","slug":"los-precios-se-remarcan-y-la-gente-indignada-con-el-gobierno-saliente","status":"publish","type":"post","link":"https:\/\/chacosintesis.com.ar\/index.php\/los-precios-se-remarcan-y-la-gente-indignada-con-el-gobierno-saliente\/","title":{"rendered":"Los precios se remarcan y la gente, indignada con el gobierno saliente"},"content":{"rendered":"<div class=\"postie-post\">Relevamiento en supermercados de S\u00e1enz Pe\u00f1a. Consumidores preocupados por el alza de los precios, responsabilizan al ministro de Econom\u00eda nacional.<\/p>\n<p>Aunque con un panorama m\u00e1s claro en cuanto a lo pol\u00edtico, el problema de la alza de los precios sigue siendo una de las preocupaciones que tiene la comunidad en la segunda ciudad del Chaco. Con la seguidilla de remarcaciones en los precios de los principales componentes de la canasta b\u00e1sica de alimentos, como as\u00ed de art\u00edculos de limpieza e higiene, los consumidores se pronunciaron ante cronistas de NORTE en la recorrida de ayer por distintos supermercados del medio.<br \/>\n Se pudo corroborar que &#8220;si bien los aumentos no se est\u00e1n dando en los porcentajes que est\u00e1n tirando los medios nacionales, pero las remarcaciones en los precios de los productos suceden todas las semanas&#8221;, seg\u00fan confirm\u00f3 una de las encargadas de un reconocido supermercado del medio.<br \/>\n&#8220;NO ES CULPA DE MILEI; LO TIENE QUE DECIR&#8221;<br \/>\nLas quejas de los vecinos, fue que &#8220;esto no es culpa de Milei, sino de estos ineptos que se van, que nos han fundido, han hecho un desastre con la econom\u00eda&#8221;, dijo Sara Pegoraro, una comerciante que se lleg\u00f3 a un mayorista del medio para proveerse de mercanc\u00edas. En tanto, otro cliente que estaba escuchando la entrevista, Mario Ponce, dijo con voz alta que &#8220;son tan p\u00edcaros que le mienten a la gente que esto es por culpa de Milei porque gan\u00f3 las elecciones y yo les digo, informen que ac\u00e1 si no ganaba Milei estos nos destrozaban y nuestro destino iba a ser irnos de este pa\u00eds, como pasa con los venezolanos&#8221;, se\u00f1al\u00f3.<br \/>\n DESDE LOS SUPERMERCADOS<br \/>\nEste diario pudo dialogar con la encargada de un reconocido supermercado del medio ubicado en la esquina de calle 10 y 23 del centro, donde dijo que &#8220;a pesar de todo lo que se dicen en los medios nacionales sobre una importante remarcaci\u00f3n en el precio de gran parte de las mercader\u00edas, sobre todo comestibles, en el comercio que est\u00e1 a su cargo, nada de eso sucedi\u00f3&#8221;.<br \/>\nSin embargo, no oculto la seguidilla de peque\u00f1os incrementos que se suceden todas las semanas con la llegada de los proveedores mayoristas&#8221; sostuvo. Al mismo tiempo, manifest\u00f3 la empleada del lugar, que hoy -por el jueves- no tienen desde la casa central una remarcaci\u00f3n de precios, como el que se habla de alrededor del 40 por ciento&#8221;, confirm\u00f3.<br \/>\nSi bien la encargada, dijo que &#8220;por ah\u00ed el principal problema no solamente de ese supermercado, tambi\u00e9n en los dem\u00e1s, es la dificultad para reponer gran parte de las mercader\u00edas, hay un acotado suministro en el stock de muchos componentes, y que eso se da por la especulaci\u00f3n en los precios, luego de las elecciones de segunda vuelta donde ya est\u00e1 elegido el nuevo presidente, y que es de otro signo pol\u00edtico&#8221;, atribuy\u00f3 la empleada.<\/p>\n<p>REPOSICI\u00d3N<br \/>\nEn cuanto a la reposici\u00f3n y remarcaci\u00f3n en los precios de gran parte de los productos de las g\u00f3ndolas, desde los supermercados consultados, indicaron que &#8220;no hay faltante, pero que se trabaja todos los d\u00edas para que eso no se produzca. Como as\u00ed los precios, se mueven constantemente porque todas las semanas el primer d\u00eda h\u00e1bil, los proveedores, llegan con precios nuevos&#8221;, confirmaron los consultados.<br \/>\nEn este sentido dijo &#8220;estamos en un trabajo de todos los d\u00edas para reponer los principales productos, y que las g\u00f3ndolas no queden vac\u00edas, porque antes de las elecciones del pasado domingo 19, los clientes pr\u00e1cticamente se llevaban todo, y no quedo nada de muchos productos, sobre todo los componentes de la canasta de alimentos&#8221;, manifest\u00f3 Alfredo repositor en un autoservicio de esta ciudad.<br \/>\nLAS QUEJAS<br \/>\nEn el mismo orden de la escalada de precios, fue la queja de los clientes que cada vez que concurren a realizar las compras, se desayunan con precios remarcados&#8221;, dijeron. Como el caso de una pareja de jubilados que en la ma\u00f1ana de ayer sal\u00eda de un supermercado, dijeron: &#8220;Ten\u00e9s que saber que todas las veces que vayas a comprar algo, el precio no ser\u00e1 el mismo, as\u00ed sea el mismo lugar y el mismo producto&#8221;, ejemplific\u00f3 la familia G\u00f3mez.<br \/>\nTambi\u00e9n el caso de una docente jubilada que recorr\u00eda las g\u00f3ndolas llev\u00e1ndose las ofertas del d\u00eda del supermercado, dijo que &#8220;no podemos creer que esto se tenga que repetir con cada gobierno, sucede meses antes que se vaya cada presidente y este caso, el pueblo rechaz\u00f3 con todo al kirchnerismo, a Massa, que se cans\u00f3 de gastar billones de pesos y ni as\u00ed lo vot\u00f3 la gente, pero ahora con Milei se va a enderezar esto, hay que tener paciencia nom\u00e1s&#8221;, dijo Ana Mar\u00eda C\u00f3rdoba, una docente del medio.<\/p>\n<p> DIARIO NORTE.-<\/p>\n<\/div>\n","protected":false},"excerpt":{"rendered":"<p>Relevamiento en supermercados de S\u00e1enz Pe\u00f1a. Consumidores preocupados por el alza de los precios, responsabilizan al ministro de Econom\u00eda nacional. Aunque con un panorama m\u00e1s claro en cuanto a lo pol\u00edtico, el problema de la alza de los precios sigue siendo una de las preocupaciones que tiene la comunidad en la segunda ciudad del Chaco. [&hellip;]<\/p>\n","protected":false},"author":1,"featured_media":28527,"comment_status":"closed","ping_status":"closed","sticky":false,"template":"","format":"standard","meta":{"footnotes":""},"categories":[6],"tags":[197],"class_list":{"0":"post-28526","1":"post","2":"type-post","3":"status-publish","4":"format-standard","5":"has-post-thumbnail","7":"category-chaco","8":"tag-destacada"},"_links":{"self":[{"href":"https:\/\/chacosintesis.com.ar\/index.php\/wp-json\/wp\/v2\/posts\/28526","targetHints":{"allow":["GET"]}}],"collection":[{"href":"https:\/\/chacosintesis.com.ar\/index.php\/wp-json\/wp\/v2\/posts"}],"about":[{"href":"https:\/\/chacosintesis.com.ar\/index.php\/wp-json\/wp\/v2\/types\/post"}],"author":[{"embeddable":true,"href":"https:\/\/chacosintesis.com.ar\/index.php\/wp-json\/wp\/v2\/users\/1"}],"replies":[{"embeddable":true,"href":"https:\/\/chacosintesis.com.ar\/index.php\/wp-json\/wp\/v2\/comments?post=28526"}],"version-history":[{"count":0,"href":"https:\/\/chacosintesis.com.ar\/index.php\/wp-json\/wp\/v2\/posts\/28526\/revisions"}],"wp:featuredmedia":[{"embeddable":true,"href":"https:\/\/chacosintesis.com.ar\/index.php\/wp-json\/wp\/v2\/media\/28527"}],"wp:attachment":[{"href":"https:\/\/chacosintesis.com.ar\/index.php\/wp-json\/wp\/v2\/media?parent=28526"}],"wp:term":[{"taxonomy":"category","embeddable":true,"href":"https:\/\/chacosintesis.com.ar\/index.php\/wp-json\/wp\/v2\/categories?post=28526"},{"taxonomy":"post_tag","embeddable":true,"href":"https:\/\/chacosintesis.com.ar\/index.php\/wp-json\/wp\/v2\/tags?post=28526"}],"curies":[{"name":"wp","href":"https:\/\/api.w.org\/{rel}","templated":true}]}}