{"id":28522,"date":"2023-11-23T21:00:37","date_gmt":"2023-11-24T00:00:37","guid":{"rendered":"https:\/\/chacosintesis.com.ar\/?p=28522"},"modified":"2023-11-23T21:06:52","modified_gmt":"2023-11-24T00:06:52","slug":"paro-y-movilizacion-de-trabajadores-municipales-en-los-frentones-una-persona-con-38-anos-de-antiguedad-esta-cobrando-90-000","status":"publish","type":"post","link":"https:\/\/chacosintesis.com.ar\/index.php\/paro-y-movilizacion-de-trabajadores-municipales-en-los-frentones-una-persona-con-38-anos-de-antiguedad-esta-cobrando-90-000\/","title":{"rendered":"Paro y movilizaci\u00f3n de trabajadores municipales en Los Frentones: \u201cUna persona con 38 a\u00f1os de antig\u00fcedad est\u00e1 cobrando $90.000\u201d"},"content":{"rendered":"<div class=\"postie-post\">Trabajadores de la Municipalidad de Los Frentones, nucleados en la ATE, reclaman la apertura de las paritarias para avanzar en una recomposici\u00f3n de los ingresos por debajo del Salario M\u00ednimo Vital y M\u00f3vil. La medida continuar\u00e1 hasta el viernes, cuando definir\u00e1n los pasos a seguir.<br \/>\n Daiana Vergara, representante de trabajadores municipales de Los Frentones, habl\u00f3 con CIUDAD TV sobre el paro de actividades que mantiene el grupo nucleado en la Asociaci\u00f3n de Trabajadores del Estado (ATE) Chaco, desde la seamana pasada, para reclamar por sus ingresos por debajo del Salario M\u00ednimo Vital y M\u00f3vil y exigir una recomposici\u00f3n salarial urgente.<br \/>\n\u201cDesde ayer comenzamos con la movilizaci\u00f3n, estamos de paro y movilizaci\u00f3n porque despu\u00e9s de reiterados pedidos por escrito de audiencia, no tuvimos respuesta\u201d, asegur\u00f3 Vergara y se\u00f1al\u00f3 que la intendente, Judith G\u00f3mez, \u201cno est\u00e1 en el Municipio\u201d.<br \/>\nEl grupo de trabajadores en huelga se moviliz\u00f3 el martes en inmediaciones de la sede municipal para visibilizar el reclamo a la espera de iniciar una discusi\u00f3n paritaria. Vergara cont\u00f3 que durante la jornada, el \u201cpresidente del Consejo lleg\u00f3 con un cami\u00f3n de agua queriendo pasar por la fuerza y los compa\u00f1eros del cami\u00f3n no quisieron, se bajaron\u201d y que \u201cfueron denunciados dos compa\u00f1eros por ruidos molestos y pretenden que se pague una multa ahora\u201d.<br \/>\nEn cuanto al reclamo, se\u00f1al\u00f3 que trabajadores de planta permanente \u201ccobran $60.000, $40.000 y $30.000 tambi\u00e9n. Una persona con 38 a\u00f1os de antig\u00fcedad est\u00e1 cobrando 90.000 pesos\u201d, describi\u00f3 y record\u00f3 que el \u00faltimo incremento salarial se dio en mayo pasado y fue del \u201c50%\u201d.<br \/>\n\u201cVamos a continuar porque la idea es reunirnos y hablar, dialogar con la intendente. Se nos dijo que nos atender\u00eda, pero no est\u00e1 \u00e9l en el Municipio, no hay nadie a cargo y no hay secretario de Gobierno tampoco\u201d, indic\u00f3.<br \/>\nVergara tambi\u00e9n destac\u00f3 el apoyo de la comunidad a la movilizaci\u00f3n de los trabajadores: \u201cVi apoyo en la gente porque la intendente contest\u00f3 por WhatsApp, por estados, que nos pongamos a trabajar, que somos unos vagos y la gente vio que esa es la forma de respuesta de ella como funcionaria\u201d. \u201cVamos a continuar porque hay mucha gente que no cree lo que estamos pasando, pero est\u00e1 a la vista, publicamos los recibos de sueldo\u201d, cerr\u00f3.<\/p>\n<p>CHACO DIA POR DIA.-<\/p><\/div>\n","protected":false},"excerpt":{"rendered":"<p>Trabajadores de la Municipalidad de Los Frentones, nucleados en la ATE, reclaman la apertura de las paritarias para avanzar en una recomposici\u00f3n de los ingresos por debajo del Salario M\u00ednimo Vital y M\u00f3vil. La medida continuar\u00e1 hasta el viernes, cuando definir\u00e1n los pasos a seguir. Daiana Vergara, representante de trabajadores municipales de Los Frentones, habl\u00f3 [&hellip;]<\/p>\n","protected":false},"author":1,"featured_media":28523,"comment_status":"closed","ping_status":"closed","sticky":false,"template":"","format":"standard","meta":{"footnotes":""},"categories":[6],"tags":[],"class_list":{"0":"post-28522","1":"post","2":"type-post","3":"status-publish","4":"format-standard","5":"has-post-thumbnail","7":"category-chaco"},"_links":{"self":[{"href":"https:\/\/chacosintesis.com.ar\/index.php\/wp-json\/wp\/v2\/posts\/28522","targetHints":{"allow":["GET"]}}],"collection":[{"href":"https:\/\/chacosintesis.com.ar\/index.php\/wp-json\/wp\/v2\/posts"}],"about":[{"href":"https:\/\/chacosintesis.com.ar\/index.php\/wp-json\/wp\/v2\/types\/post"}],"author":[{"embeddable":true,"href":"https:\/\/chacosintesis.com.ar\/index.php\/wp-json\/wp\/v2\/users\/1"}],"replies":[{"embeddable":true,"href":"https:\/\/chacosintesis.com.ar\/index.php\/wp-json\/wp\/v2\/comments?post=28522"}],"version-history":[{"count":0,"href":"https:\/\/chacosintesis.com.ar\/index.php\/wp-json\/wp\/v2\/posts\/28522\/revisions"}],"wp:featuredmedia":[{"embeddable":true,"href":"https:\/\/chacosintesis.com.ar\/index.php\/wp-json\/wp\/v2\/media\/28523"}],"wp:attachment":[{"href":"https:\/\/chacosintesis.com.ar\/index.php\/wp-json\/wp\/v2\/media?parent=28522"}],"wp:term":[{"taxonomy":"category","embeddable":true,"href":"https:\/\/chacosintesis.com.ar\/index.php\/wp-json\/wp\/v2\/categories?post=28522"},{"taxonomy":"post_tag","embeddable":true,"href":"https:\/\/chacosintesis.com.ar\/index.php\/wp-json\/wp\/v2\/tags?post=28522"}],"curies":[{"name":"wp","href":"https:\/\/api.w.org\/{rel}","templated":true}]}}