{"id":28504,"date":"2023-11-22T12:04:48","date_gmt":"2023-11-22T15:04:48","guid":{"rendered":"https:\/\/chacosintesis.com.ar\/?p=28504"},"modified":"2023-11-22T12:07:37","modified_gmt":"2023-11-22T15:07:37","slug":"apa-se-esperan-tormentas-de-variada-intensidad-desde-este-mediodia-en-la-provincia","status":"publish","type":"post","link":"https:\/\/chacosintesis.com.ar\/index.php\/apa-se-esperan-tormentas-de-variada-intensidad-desde-este-mediodia-en-la-provincia\/","title":{"rendered":"APA: se esperan tormentas de variada intensidad desde este mediod\u00eda en la provincia"},"content":{"rendered":"<div class=\"postie-post\">Son probables tormentas fuertes acompa\u00f1adas de r\u00e1fagas, ca\u00edda de granizo y principalmente abundante ca\u00edda de agua en cortos periodos. Para el d\u00eda de ma\u00f1ana rige alerta amarillo por tormentas.<\/p>\n<p> La Administraci\u00f3n Provincial del Agua (APA) alert\u00f3 que, desde este mediod\u00eda, se esperan lluvias y tormentas, algunas localmente fuertes, a lo largo de toda la provincia. En ese marco, instan a la poblaci\u00f3n a tomar los cuidados necesarios y recordaron las l\u00edneas de comunicaci\u00f3n y contacto ante contingencias.<\/p>\n<p> El Servicio Meteorol\u00f3gico Nacional (SMN) emiti\u00f3 alerta amarilla por tormentas de variada intensidad para este jueves. Esta abarca a los departamentos Bermejo, General Donovan, Libertad, 1\u00b0 de Mayo, San Fernando, Maip\u00fa, Chacabuco, Comandante Fern\u00e1ndez, 12 de Octubre, 2 de Abril, Fray Justo Santa Mar\u00eda de Oro, General Belgrano, Independencia, Libertador General San Mart\u00edn, Mayor Luis Jorge Fontana, 9 de Julio, O&#8217;Higgins, Presidencia de la Plaza, Quitilipi, San Lorenzo, Sargento Cabral, Tapenag\u00e1, 25 de Mayo y sectores sudeste de Almirante Brown y General G\u00fcemes.<\/p>\n<p> El \u00e1rea ser\u00e1 afectada por tormentas de variada intensidad, algunas localmente fuertes, acompa\u00f1adas por r\u00e1fagas, actividad el\u00e9ctrica frecuente, ocasional ca\u00edda de granizo, y abundante ca\u00edda de agua en cortos per\u00edodos. Se estiman valores de precipitaci\u00f3n acumulada entre 20 y mil\u00edmetros, pudiendo ser superados de forma puntual.<\/p>\n<p>El SMN recomienda: no sacar la basura y retirar objetos que impidan el escurrimiento del agua; evitar actividades al aire libre; no refugiarse cerca de \u00e1rboles y postes de electricidad que puedan caerse; no permanecer en playas, r\u00edos, lagunas o piletas; estar atento ante la posible ca\u00edda de granizo; informarse por las autoridades.<\/p>\n<p>El pron\u00f3stico v\u00e1lido hasta el 25 de noviembre, se\u00f1ala que, para el viernes, se espera cielo parcialmente nublado y tiempo inestable a la madrugada en el noreste de la provincia, zona aleda\u00f1a al r\u00edo Bermejo. El viento ser\u00e1 del sudeste y las temperaturas se encuentran previstas entre los 19\u00baC y 30\u00baC.<\/p>\n<p>En tanto el d\u00eda s\u00e1bado se presentar\u00e1 con cielo parcialmente nublado y viento del sudeste. Las temperaturas oscilar\u00e1n entre los 17\u00baC y 32\u00baC.<\/p>\n<\/div>\n","protected":false},"excerpt":{"rendered":"<p>Son probables tormentas fuertes acompa\u00f1adas de r\u00e1fagas, ca\u00edda de granizo y principalmente abundante ca\u00edda de agua en cortos periodos. Para el d\u00eda de ma\u00f1ana rige alerta amarillo por tormentas. La Administraci\u00f3n Provincial del Agua (APA) alert\u00f3 que, desde este mediod\u00eda, se esperan lluvias y tormentas, algunas localmente fuertes, a lo largo de toda la provincia. [&hellip;]<\/p>\n","protected":false},"author":1,"featured_media":28505,"comment_status":"closed","ping_status":"closed","sticky":false,"template":"","format":"standard","meta":{"footnotes":""},"categories":[6],"tags":[197],"class_list":{"0":"post-28504","1":"post","2":"type-post","3":"status-publish","4":"format-standard","5":"has-post-thumbnail","7":"category-chaco","8":"tag-destacada"},"_links":{"self":[{"href":"https:\/\/chacosintesis.com.ar\/index.php\/wp-json\/wp\/v2\/posts\/28504","targetHints":{"allow":["GET"]}}],"collection":[{"href":"https:\/\/chacosintesis.com.ar\/index.php\/wp-json\/wp\/v2\/posts"}],"about":[{"href":"https:\/\/chacosintesis.com.ar\/index.php\/wp-json\/wp\/v2\/types\/post"}],"author":[{"embeddable":true,"href":"https:\/\/chacosintesis.com.ar\/index.php\/wp-json\/wp\/v2\/users\/1"}],"replies":[{"embeddable":true,"href":"https:\/\/chacosintesis.com.ar\/index.php\/wp-json\/wp\/v2\/comments?post=28504"}],"version-history":[{"count":0,"href":"https:\/\/chacosintesis.com.ar\/index.php\/wp-json\/wp\/v2\/posts\/28504\/revisions"}],"wp:featuredmedia":[{"embeddable":true,"href":"https:\/\/chacosintesis.com.ar\/index.php\/wp-json\/wp\/v2\/media\/28505"}],"wp:attachment":[{"href":"https:\/\/chacosintesis.com.ar\/index.php\/wp-json\/wp\/v2\/media?parent=28504"}],"wp:term":[{"taxonomy":"category","embeddable":true,"href":"https:\/\/chacosintesis.com.ar\/index.php\/wp-json\/wp\/v2\/categories?post=28504"},{"taxonomy":"post_tag","embeddable":true,"href":"https:\/\/chacosintesis.com.ar\/index.php\/wp-json\/wp\/v2\/tags?post=28504"}],"curies":[{"name":"wp","href":"https:\/\/api.w.org\/{rel}","templated":true}]}}