{"id":28500,"date":"2023-11-22T11:39:11","date_gmt":"2023-11-22T14:39:11","guid":{"rendered":"https:\/\/chacosintesis.com.ar\/?p=28500"},"modified":"2023-11-22T12:07:36","modified_gmt":"2023-11-22T15:07:36","slug":"martes-28-y-miercoles-29-se-pagan-los-salarios-de-la-administracion-publica","status":"publish","type":"post","link":"https:\/\/chacosintesis.com.ar\/index.php\/martes-28-y-miercoles-29-se-pagan-los-salarios-de-la-administracion-publica\/","title":{"rendered":"Martes 28 y mi\u00e9rcoles 29 se pagan los salarios de la Administraci\u00f3n P\u00fablica"},"content":{"rendered":"<div class=\"postie-post\">El primer d\u00eda cobrar\u00e1n las y los jubilados y el segundo para activos. Como es pol\u00edtica de Estado, el gobierno provincial pagar\u00e1 salarios antes de fin de mes.<\/p>\n<p>El ministro de Planificaci\u00f3n, Econom\u00eda e Infraestructura Santiago P\u00e9rez Pons anunci\u00f3 este mi\u00e9rcoles el cronograma de pago para la Administraci\u00f3n P\u00fablica Provincial que, como es habitual, comenzar\u00e1 con las y los jubilados y continuar\u00e1 con las y los trabajadores activos.<br \/>\nEl martes 28 de la pr\u00f3xima semana se pagar\u00e1n los salarios a las y los jubilados provinciales. Ese d\u00eda, a partir de las 21, sus haberes estar\u00e1n disponibles en los cajeros autom\u00e1ticos del Nuevo Banco del Chaco. Un d\u00eda despu\u00e9s, podr\u00e1n cobrar por ventanilla en las sucursales habilitadas por la entidad crediticia.<br \/>\nMientras que las y los trabajadores activos cobrar\u00e1n sus sueldos el pr\u00f3ximo mi\u00e9rcoles 29, cuando tendr\u00e1n disponibles sus haberes en cajeros autom\u00e1ticos del NBCH. Luego, podr\u00e1n retirar sus sueldos por ventanilla en las sucursales habilitadas por el banco provincial, a partir del jueves 30.<br \/>\nComo es pol\u00edtica de Estado, los sueldos se pagar\u00e1n antes de que finalice el mes. \u201cEs posible porque tenemos un Estado bien administrado, con las cuentas p\u00fablicas en orden, lo que nos permite continuar con este ritmo de pagos\u201d, se\u00f1al\u00f3 el titular de la cartera econ\u00f3mica chaque\u00f1a.<br \/>\nEl viernes de la semana pasada, el gobierno provincial deposit\u00f3 el Refrigerio en la tarjeta Tuya Recargable para todas y todos los trabajadores de la Administraci\u00f3n P\u00fablica de la Provincia.<br \/>\nEn el concepto de Refrigerio se aplicaron progresivamente distintos incrementos: una primera etapa, de $8.000, pasando de $16.500 a $24.500. Luego se sumaron $4.000, alcanzando $28.500. En la tercera etapa, un aumento de $4.000, lo que signific\u00f3 pasar de $28.500 a $32.500. De esta manera, en tres meses pr\u00e1cticamente se duplic\u00f3 el valor del Refrigerio.<br \/>\n\u201cComo siempre decimos, nuestro principal objetivo es cuidar el poder adquisitivo de las familias chaque\u00f1as. Nos planteamos ese objetivo desde el primer d\u00eda de gesti\u00f3n y lo estamos cumpliendo\u201d, precis\u00f3 P\u00e9rez Pons y ratific\u00f3 que \u201ca fin de a\u00f1o el salario de las y los trabajadores estatales le habr\u00e1 ganado a la inflaci\u00f3n, en un esfuerzo muy grande que hicimos, como parte de la pol\u00edtica salarial encarada por esta gesti\u00f3n\u201d.<\/p><\/div>\n","protected":false},"excerpt":{"rendered":"<p>El primer d\u00eda cobrar\u00e1n las y los jubilados y el segundo para activos. Como es pol\u00edtica de Estado, el gobierno provincial pagar\u00e1 salarios antes de fin de mes. El ministro de Planificaci\u00f3n, Econom\u00eda e Infraestructura Santiago P\u00e9rez Pons anunci\u00f3 este mi\u00e9rcoles el cronograma de pago para la Administraci\u00f3n P\u00fablica Provincial que, como es habitual, comenzar\u00e1 [&hellip;]<\/p>\n","protected":false},"author":1,"featured_media":28501,"comment_status":"closed","ping_status":"closed","sticky":false,"template":"","format":"standard","meta":{"footnotes":""},"categories":[6],"tags":[],"class_list":{"0":"post-28500","1":"post","2":"type-post","3":"status-publish","4":"format-standard","5":"has-post-thumbnail","7":"category-chaco"},"_links":{"self":[{"href":"https:\/\/chacosintesis.com.ar\/index.php\/wp-json\/wp\/v2\/posts\/28500","targetHints":{"allow":["GET"]}}],"collection":[{"href":"https:\/\/chacosintesis.com.ar\/index.php\/wp-json\/wp\/v2\/posts"}],"about":[{"href":"https:\/\/chacosintesis.com.ar\/index.php\/wp-json\/wp\/v2\/types\/post"}],"author":[{"embeddable":true,"href":"https:\/\/chacosintesis.com.ar\/index.php\/wp-json\/wp\/v2\/users\/1"}],"replies":[{"embeddable":true,"href":"https:\/\/chacosintesis.com.ar\/index.php\/wp-json\/wp\/v2\/comments?post=28500"}],"version-history":[{"count":0,"href":"https:\/\/chacosintesis.com.ar\/index.php\/wp-json\/wp\/v2\/posts\/28500\/revisions"}],"wp:featuredmedia":[{"embeddable":true,"href":"https:\/\/chacosintesis.com.ar\/index.php\/wp-json\/wp\/v2\/media\/28501"}],"wp:attachment":[{"href":"https:\/\/chacosintesis.com.ar\/index.php\/wp-json\/wp\/v2\/media?parent=28500"}],"wp:term":[{"taxonomy":"category","embeddable":true,"href":"https:\/\/chacosintesis.com.ar\/index.php\/wp-json\/wp\/v2\/categories?post=28500"},{"taxonomy":"post_tag","embeddable":true,"href":"https:\/\/chacosintesis.com.ar\/index.php\/wp-json\/wp\/v2\/tags?post=28500"}],"curies":[{"name":"wp","href":"https:\/\/api.w.org\/{rel}","templated":true}]}}