{"id":28493,"date":"2023-11-21T22:50:22","date_gmt":"2023-11-22T01:50:22","guid":{"rendered":"https:\/\/chacosintesis.com.ar\/?p=28493"},"modified":"2023-11-21T23:06:38","modified_gmt":"2023-11-22T02:06:38","slug":"zdero-y-schneider-la-formula-electa-para-la-gobernacion-recibieron-sus-respectivos-diplomas","status":"publish","type":"post","link":"https:\/\/chacosintesis.com.ar\/index.php\/zdero-y-schneider-la-formula-electa-para-la-gobernacion-recibieron-sus-respectivos-diplomas\/","title":{"rendered":"Zdero y Schneider, la f\u00f3rmula electa para la gobernaci\u00f3n recibieron sus respectivos diplomas"},"content":{"rendered":"<div class=\"postie-post\">Leandro Zdero junto a Silvana Schneider, la f\u00f3rmula elegida para la gobernaci\u00f3n, junto a diputados, intendentes y concejales, recibieron esta tarde sus respectivos diplomas, por parte del Tribunal Electoral del Chaco en un acto previsto para los candidatos electos en las elecciones generales y municipales de este a\u00f1o 2023. \u201cA 40 a\u00f1os de Democracia y defendi\u00e9ndola, estamos muy contentos porque hoy nos entregan los diplomas y a d\u00edas de asumir una responsabilidad muy grande junto a Silvana, a diputados, intendentes y concejales electos de toda la provincia. Vamos a trabajar todos juntos, espalda con espalda, porque es la esperanza que abraz\u00f3 el pueblo chaque\u00f1o el pasado 17 de septiembre y de cambio en la Argentina, para reparar los dolores y construir hacia adelante\u201d- se\u00f1al\u00f3 Zdero.<\/p>\n<p>El acto se realiz\u00f3 en el Centro de Convenciones Gala, de la ciudad de Resistencia y sobre la importancia de esta entrega de diplomas tambi\u00e9n a 16 nuevos diputados provinciales, 70 intendentes y a 377 concejales de todo el Chaco, la vicegobernadora Schneider manifest\u00f3: \u201cUna tarde cargada de emociones, sentimos el afecto de la gente y el compromiso por todo lo que se viene. Trabajamos mucho por esta gran oportunidad que nos dieron los chaque\u00f1os y vamos a continuar con esta alianza con la gente, codo a codo, para lograr ese Chaco de oportunidades y futuro que, de verdad, nos merecemos\u201d.<\/p>\n<p>VAMOS A TRANSITAR UN NUEVO TIEMPO EN EL CHACO<\/p>\n<p>Al finalizar el acto, Zdero y Schneider coincidieron en \u201cseguir comprometidos con pol\u00edticas de estado y acciones que sacar\u00e1n adelante a la provincia del Chaco porque termin\u00f3 el tiempo de mirarnos de reojo y debemos sumar fuerzas; convocando a trabajar a todos los sectores en el marco del respeto y as\u00ed, transitar un nuevo tiempo en la provincia\u201d.<\/p><\/div>\n","protected":false},"excerpt":{"rendered":"<p>Leandro Zdero junto a Silvana Schneider, la f\u00f3rmula elegida para la gobernaci\u00f3n, junto a diputados, intendentes y concejales, recibieron esta tarde sus respectivos diplomas, por parte del Tribunal Electoral del Chaco en un acto previsto para los candidatos electos en las elecciones generales y municipales de este a\u00f1o 2023. \u201cA 40 a\u00f1os de Democracia y [&hellip;]<\/p>\n","protected":false},"author":1,"featured_media":28494,"comment_status":"closed","ping_status":"closed","sticky":false,"template":"","format":"standard","meta":{"footnotes":""},"categories":[6],"tags":[],"class_list":{"0":"post-28493","1":"post","2":"type-post","3":"status-publish","4":"format-standard","5":"has-post-thumbnail","7":"category-chaco"},"_links":{"self":[{"href":"https:\/\/chacosintesis.com.ar\/index.php\/wp-json\/wp\/v2\/posts\/28493","targetHints":{"allow":["GET"]}}],"collection":[{"href":"https:\/\/chacosintesis.com.ar\/index.php\/wp-json\/wp\/v2\/posts"}],"about":[{"href":"https:\/\/chacosintesis.com.ar\/index.php\/wp-json\/wp\/v2\/types\/post"}],"author":[{"embeddable":true,"href":"https:\/\/chacosintesis.com.ar\/index.php\/wp-json\/wp\/v2\/users\/1"}],"replies":[{"embeddable":true,"href":"https:\/\/chacosintesis.com.ar\/index.php\/wp-json\/wp\/v2\/comments?post=28493"}],"version-history":[{"count":0,"href":"https:\/\/chacosintesis.com.ar\/index.php\/wp-json\/wp\/v2\/posts\/28493\/revisions"}],"wp:featuredmedia":[{"embeddable":true,"href":"https:\/\/chacosintesis.com.ar\/index.php\/wp-json\/wp\/v2\/media\/28494"}],"wp:attachment":[{"href":"https:\/\/chacosintesis.com.ar\/index.php\/wp-json\/wp\/v2\/media?parent=28493"}],"wp:term":[{"taxonomy":"category","embeddable":true,"href":"https:\/\/chacosintesis.com.ar\/index.php\/wp-json\/wp\/v2\/categories?post=28493"},{"taxonomy":"post_tag","embeddable":true,"href":"https:\/\/chacosintesis.com.ar\/index.php\/wp-json\/wp\/v2\/tags?post=28493"}],"curies":[{"name":"wp","href":"https:\/\/api.w.org\/{rel}","templated":true}]}}