{"id":28474,"date":"2023-11-19T09:55:59","date_gmt":"2023-11-19T12:55:59","guid":{"rendered":"https:\/\/chacosintesis.com.ar\/?p=28474"},"modified":"2023-11-19T10:06:44","modified_gmt":"2023-11-19T13:06:44","slug":"el-martes-21-no-habra-clases-en-el-turno-manana-de-las-escuelas-afectadas-por-las-elecciones","status":"publish","type":"post","link":"https:\/\/chacosintesis.com.ar\/index.php\/el-martes-21-no-habra-clases-en-el-turno-manana-de-las-escuelas-afectadas-por-las-elecciones\/","title":{"rendered":"El martes 21 no habr\u00e1 clases en el turno ma\u00f1ana de las escuelas afectadas por las elecciones"},"content":{"rendered":"<div class=\"postie-post\">Se debe al reacondicionamiento de los espacios en los 387 establecimientos educativos dispuestos en la provincia para el acto electoral del domingo, y en virtud de que el lunes es feriado nacional.<\/p>\n<p>El Ministerio de Educaci\u00f3n del Chaco, a trav\u00e9s de la Direcci\u00f3n General de Gesti\u00f3n Educativa, inform\u00f3 que aquellas escuelas afectadas a los comicios del domingo 19 de noviembre no tendr\u00e1n actividades escolares el martes 21, en el turno ma\u00f1ana, dado que el personal de mantenimiento realizar\u00e1 las tareas de limpieza e higiene de las aulas y de los sanitarios.<\/p>\n<p> En cambio, las clases s\u00ed se desarrollar\u00e1n normalmente en el turno tarde, a excepci\u00f3n de las escuelas de jornada completa, las cuales suspender\u00e1n su actividad de toda la jornada. Cabe recordar que el lunes 20 no habr\u00e1 actividades en ning\u00fan establecimiento, en virtud del feriado nacional para conmemorar el D\u00eda de la Soberan\u00eda Nacional.<\/p>\n<p> Para el desarrollo del Balotaje del domingo 19, la cartera educativa provincial dispuso 387 instituciones escolares, siendo los mismos establecimientos seleccionados para los anteriores comicios nacionales, celebrados el pasado mes de octubre.<\/p><\/div>\n","protected":false},"excerpt":{"rendered":"<p>Se debe al reacondicionamiento de los espacios en los 387 establecimientos educativos dispuestos en la provincia para el acto electoral del domingo, y en virtud de que el lunes es feriado nacional. El Ministerio de Educaci\u00f3n del Chaco, a trav\u00e9s de la Direcci\u00f3n General de Gesti\u00f3n Educativa, inform\u00f3 que aquellas escuelas afectadas a los comicios [&hellip;]<\/p>\n","protected":false},"author":1,"featured_media":28475,"comment_status":"closed","ping_status":"closed","sticky":false,"template":"","format":"standard","meta":{"footnotes":""},"categories":[6],"tags":[],"class_list":{"0":"post-28474","1":"post","2":"type-post","3":"status-publish","4":"format-standard","5":"has-post-thumbnail","7":"category-chaco"},"_links":{"self":[{"href":"https:\/\/chacosintesis.com.ar\/index.php\/wp-json\/wp\/v2\/posts\/28474","targetHints":{"allow":["GET"]}}],"collection":[{"href":"https:\/\/chacosintesis.com.ar\/index.php\/wp-json\/wp\/v2\/posts"}],"about":[{"href":"https:\/\/chacosintesis.com.ar\/index.php\/wp-json\/wp\/v2\/types\/post"}],"author":[{"embeddable":true,"href":"https:\/\/chacosintesis.com.ar\/index.php\/wp-json\/wp\/v2\/users\/1"}],"replies":[{"embeddable":true,"href":"https:\/\/chacosintesis.com.ar\/index.php\/wp-json\/wp\/v2\/comments?post=28474"}],"version-history":[{"count":0,"href":"https:\/\/chacosintesis.com.ar\/index.php\/wp-json\/wp\/v2\/posts\/28474\/revisions"}],"wp:featuredmedia":[{"embeddable":true,"href":"https:\/\/chacosintesis.com.ar\/index.php\/wp-json\/wp\/v2\/media\/28475"}],"wp:attachment":[{"href":"https:\/\/chacosintesis.com.ar\/index.php\/wp-json\/wp\/v2\/media?parent=28474"}],"wp:term":[{"taxonomy":"category","embeddable":true,"href":"https:\/\/chacosintesis.com.ar\/index.php\/wp-json\/wp\/v2\/categories?post=28474"},{"taxonomy":"post_tag","embeddable":true,"href":"https:\/\/chacosintesis.com.ar\/index.php\/wp-json\/wp\/v2\/tags?post=28474"}],"curies":[{"name":"wp","href":"https:\/\/api.w.org\/{rel}","templated":true}]}}