{"id":28464,"date":"2023-11-18T21:55:16","date_gmt":"2023-11-19T00:55:16","guid":{"rendered":"https:\/\/chacosintesis.com.ar\/?p=28464"},"modified":"2023-11-18T22:09:46","modified_gmt":"2023-11-19T01:09:46","slug":"zdero-recibio-a-la-union-industrial-del-chaco","status":"publish","type":"post","link":"https:\/\/chacosintesis.com.ar\/index.php\/zdero-recibio-a-la-union-industrial-del-chaco\/","title":{"rendered":"Zdero recibi\u00f3 a la Uni\u00f3n Industrial del Chaco"},"content":{"rendered":"<div class=\"postie-post\">El gobernador electo Leandro Zdero recibi\u00f3 esta tarde a la Comisi\u00f3n de la Uni\u00f3n Industrial del Chaco, presidida por Aldo Kast\u00f3n para avanzar en una agenda de trabajo a futuro y muy cercano, vinculadas al sector. \u201cEl encuentro fue muy positivo porque nos interiorizamos a\u00fan m\u00e1s, no solamente en las problem\u00e1ticas sino tambi\u00e9n de las propuestas que tiene el sector; la industria es una gran generadora de mano de obra, necesitamos reactivarla, acompa\u00f1ar e incentivar su desarrollo en la provincia\u201d- se\u00f1al\u00f3 Zdero.<\/p>\n<p>En el marco de esta reuni\u00f3n, Aldo Kast\u00f3n de la UICH, asisti\u00f3 acompa\u00f1ado por Rub\u00e9n Yebra vicepresidente, Rub\u00e9n Sinat, prosecretario; Luis Ferreyra, Emilce Coronel, Gustavo Ferrer, Mariano Selliez y Pablo Staszewski. Al finalizar este encuentro, Kast\u00f3n manifest\u00f3 \u201cAgradecemos esta primera reuni\u00f3n con el gobernador electo, porque logramos la conformaci\u00f3n de una mesa de trabajo, pudimos plantear nuestros proyectos y conocer, entre otros temas, las pol\u00edticas de financiamiento, el apoyo, incentivos y promociones que ser\u00e1n muy importantes para nuestro sector\u201d.<\/p>\n<p>Por \u00faltimo, Zdero reiter\u00f3 su compromiso de acompa\u00f1amiento al sector y de continuar con un trabajo mancomunado que \u201cnos permita fortalecer a las empresas locales y fundamentalmente recuperar el empleo formal. Vamos a recuperar nuestro mercado interno, el desarrollo de las cadenas de valor, a brindar nuestro apoyo permanente a las empresas chaque\u00f1as y a sus productos porque representan un desarrollo muy importante para la econom\u00eda provincial\u201d.<\/p><\/div>\n","protected":false},"excerpt":{"rendered":"<p>El gobernador electo Leandro Zdero recibi\u00f3 esta tarde a la Comisi\u00f3n de la Uni\u00f3n Industrial del Chaco, presidida por Aldo Kast\u00f3n para avanzar en una agenda de trabajo a futuro y muy cercano, vinculadas al sector. \u201cEl encuentro fue muy positivo porque nos interiorizamos a\u00fan m\u00e1s, no solamente en las problem\u00e1ticas sino tambi\u00e9n de las [&hellip;]<\/p>\n","protected":false},"author":1,"featured_media":28465,"comment_status":"closed","ping_status":"closed","sticky":false,"template":"","format":"standard","meta":{"footnotes":""},"categories":[6],"tags":[],"class_list":{"0":"post-28464","1":"post","2":"type-post","3":"status-publish","4":"format-standard","5":"has-post-thumbnail","7":"category-chaco"},"_links":{"self":[{"href":"https:\/\/chacosintesis.com.ar\/index.php\/wp-json\/wp\/v2\/posts\/28464","targetHints":{"allow":["GET"]}}],"collection":[{"href":"https:\/\/chacosintesis.com.ar\/index.php\/wp-json\/wp\/v2\/posts"}],"about":[{"href":"https:\/\/chacosintesis.com.ar\/index.php\/wp-json\/wp\/v2\/types\/post"}],"author":[{"embeddable":true,"href":"https:\/\/chacosintesis.com.ar\/index.php\/wp-json\/wp\/v2\/users\/1"}],"replies":[{"embeddable":true,"href":"https:\/\/chacosintesis.com.ar\/index.php\/wp-json\/wp\/v2\/comments?post=28464"}],"version-history":[{"count":0,"href":"https:\/\/chacosintesis.com.ar\/index.php\/wp-json\/wp\/v2\/posts\/28464\/revisions"}],"wp:featuredmedia":[{"embeddable":true,"href":"https:\/\/chacosintesis.com.ar\/index.php\/wp-json\/wp\/v2\/media\/28465"}],"wp:attachment":[{"href":"https:\/\/chacosintesis.com.ar\/index.php\/wp-json\/wp\/v2\/media?parent=28464"}],"wp:term":[{"taxonomy":"category","embeddable":true,"href":"https:\/\/chacosintesis.com.ar\/index.php\/wp-json\/wp\/v2\/categories?post=28464"},{"taxonomy":"post_tag","embeddable":true,"href":"https:\/\/chacosintesis.com.ar\/index.php\/wp-json\/wp\/v2\/tags?post=28464"}],"curies":[{"name":"wp","href":"https:\/\/api.w.org\/{rel}","templated":true}]}}