{"id":28458,"date":"2023-11-17T08:12:19","date_gmt":"2023-11-17T11:12:19","guid":{"rendered":"https:\/\/chacosintesis.com.ar\/?p=28458"},"modified":"2023-11-17T08:36:58","modified_gmt":"2023-11-17T11:36:58","slug":"zdero-presento-el-proyecto-de-la-ley-de-ministerios","status":"publish","type":"post","link":"https:\/\/chacosintesis.com.ar\/index.php\/zdero-presento-el-proyecto-de-la-ley-de-ministerios\/","title":{"rendered":"Zdero present\u00f3 el Proyecto de la Ley de Ministerios"},"content":{"rendered":"<div class=\"postie-post\">Leandro Zdero, gobernador electo, junto al interbloque de Juntos por el Cambio present\u00f3 hoy en la Legislatura el proyecto para la organizaci\u00f3n y creaci\u00f3n de los ocho ministerios que formar\u00e1n parte de la pr\u00f3xima gesti\u00f3n que asumir\u00e1 el 10 de diciembre. La iniciativa, que lleva el n\u00famero 2787\/23 prev\u00e9 un gabinete provincial con ocho ministerios y adem\u00e1s, tres secretar\u00edas:<br \/>\n Los ministerios son:<br \/>\n\u00fc  Desarrollo Humano<br \/>\n\u00fc  Producci\u00f3n y Desarrollo Econ\u00f3mico Sostenible<br \/>\n\u00fc  Educaci\u00f3n, Cultura, Ciencia y Tecnolog\u00eda<br \/>\n\u00fc  Salud P\u00fablica<br \/>\n\u00fc  Hacienda y Finanzas<br \/>\n\u00fc  Infraestructura, Obras y Servicios P\u00fablicos<br \/>\n\u00fc  Seguridad<br \/>\n\u00fc  Gobierno, Justicia y Derechos Humanos<br \/>\nLas tres secretar\u00edas son:<br \/>\n\u00fc  General de la Gobernaci\u00f3n.<br \/>\n\u00fc  Coordinaci\u00f3n de Gabinete.<br \/>\n\u00fc  Asuntos Estrat\u00e9gicos.<br \/>\nEntre los firmantes del proyecto se encuentra el Gobernador electo, quien considera de suma importancia su aprobaci\u00f3n para el inicio de una nueva gesti\u00f3n en el gobierno provincial. El Gobernador electo ha tomado en consideraci\u00f3n las funciones esenciales del Gobierno y las competencias particulares, se han reordenado los Ministerios y Secretar\u00edas, fij\u00e1ndose \u00e1reas de responsabilidad y la competencia de cada uno en la atenci\u00f3n y despacho de los asuntos, evit\u00e1ndose la superposici\u00f3n de funciones. La presente Ley otorgar\u00e1 al Estado una adecuada estructura organizacional orientada a una eficaz y eficiente gesti\u00f3n de gobierno.<\/div>\n","protected":false},"excerpt":{"rendered":"<p>Leandro Zdero, gobernador electo, junto al interbloque de Juntos por el Cambio present\u00f3 hoy en la Legislatura el proyecto para la organizaci\u00f3n y creaci\u00f3n de los ocho ministerios que formar\u00e1n parte de la pr\u00f3xima gesti\u00f3n que asumir\u00e1 el 10 de diciembre. La iniciativa, que lleva el n\u00famero 2787\/23 prev\u00e9 un gabinete provincial con ocho ministerios [&hellip;]<\/p>\n","protected":false},"author":1,"featured_media":28459,"comment_status":"closed","ping_status":"closed","sticky":false,"template":"","format":"standard","meta":{"footnotes":""},"categories":[6],"tags":[],"class_list":{"0":"post-28458","1":"post","2":"type-post","3":"status-publish","4":"format-standard","5":"has-post-thumbnail","7":"category-chaco"},"_links":{"self":[{"href":"https:\/\/chacosintesis.com.ar\/index.php\/wp-json\/wp\/v2\/posts\/28458","targetHints":{"allow":["GET"]}}],"collection":[{"href":"https:\/\/chacosintesis.com.ar\/index.php\/wp-json\/wp\/v2\/posts"}],"about":[{"href":"https:\/\/chacosintesis.com.ar\/index.php\/wp-json\/wp\/v2\/types\/post"}],"author":[{"embeddable":true,"href":"https:\/\/chacosintesis.com.ar\/index.php\/wp-json\/wp\/v2\/users\/1"}],"replies":[{"embeddable":true,"href":"https:\/\/chacosintesis.com.ar\/index.php\/wp-json\/wp\/v2\/comments?post=28458"}],"version-history":[{"count":0,"href":"https:\/\/chacosintesis.com.ar\/index.php\/wp-json\/wp\/v2\/posts\/28458\/revisions"}],"wp:featuredmedia":[{"embeddable":true,"href":"https:\/\/chacosintesis.com.ar\/index.php\/wp-json\/wp\/v2\/media\/28459"}],"wp:attachment":[{"href":"https:\/\/chacosintesis.com.ar\/index.php\/wp-json\/wp\/v2\/media?parent=28458"}],"wp:term":[{"taxonomy":"category","embeddable":true,"href":"https:\/\/chacosintesis.com.ar\/index.php\/wp-json\/wp\/v2\/categories?post=28458"},{"taxonomy":"post_tag","embeddable":true,"href":"https:\/\/chacosintesis.com.ar\/index.php\/wp-json\/wp\/v2\/tags?post=28458"}],"curies":[{"name":"wp","href":"https:\/\/api.w.org\/{rel}","templated":true}]}}