{"id":28453,"date":"2023-11-16T13:25:38","date_gmt":"2023-11-16T16:25:38","guid":{"rendered":"https:\/\/chacosintesis.com.ar\/?p=28453"},"modified":"2023-11-16T13:36:50","modified_gmt":"2023-11-16T16:36:50","slug":"el-martes-no-habra-clases-en-el-turno-manana-y-en-escuelas-de-jornada-completa-del-chaco","status":"publish","type":"post","link":"https:\/\/chacosintesis.com.ar\/index.php\/el-martes-no-habra-clases-en-el-turno-manana-y-en-escuelas-de-jornada-completa-del-chaco\/","title":{"rendered":"El martes no habr\u00e1 clases en el turno ma\u00f1ana y en escuelas de jornada completa del Chaco"},"content":{"rendered":"<div class=\"postie-post\">El balotaje de este pr\u00f3ximo domingo tendr\u00e1 lugar en m\u00e1s de 300 instituciones chaque\u00f1as, quedando afectadas para su posterior limpieza y orden.<\/p>\n<p> De cara a las elecciones presidenciales de este domingo 19 de noviembre, el Ministerio de Educaci\u00f3n de la provincia dispuso 387 instituciones educativas en funcionamiento para el acto electoral, las que se ver\u00e1n afectadas por la jornada democr\u00e1tica y retomar\u00e1n su funcionamiento normal reci\u00e9n a partir del mi\u00e9rcoles.<br \/>\nEsta situaci\u00f3n no s\u00f3lo responde a las votaciones previstas, sino que el lunes 20 es feriado en todo el pa\u00eds por el D\u00eda de la Soberan\u00eda Nacional, por lo cual, el martes 21 las clases se ver\u00e1n suspendidas durante la ma\u00f1ana en las escuelas de jornada simple y durante todo el d\u00eda en escuelas de jornada completa para su limpieza.<br \/>\nLa cantidad de instituciones vinculadas a esta nueva elecci\u00f3n es igual que la jornada electoral anterior, sin inconvenientes para el uso de los espacios en zonas ribere\u00f1as afectadas por los r\u00edos. Una particularidad se da en la Isla del Cerrito, zona aislada por la creciente, que recibir\u00e1 las urnas a trav\u00e9s de lanchas que cruzar\u00e1n desde la localidad correntina de Paso de la Patria.<br \/>\nAdem\u00e1s, desde el Ministerio de Educaci\u00f3n ratificaron que en cada localidad afectada por inundaciones se tomaron las medidas suficientes para garantizar la continuidad del servicio educativo en todos los niveles con accesibilidad en herramientas, medios de movilidad y netbooks que permitan el desarrollo pedag\u00f3gico y el trabajo docente.<\/p><\/div>\n","protected":false},"excerpt":{"rendered":"<p>El balotaje de este pr\u00f3ximo domingo tendr\u00e1 lugar en m\u00e1s de 300 instituciones chaque\u00f1as, quedando afectadas para su posterior limpieza y orden. De cara a las elecciones presidenciales de este domingo 19 de noviembre, el Ministerio de Educaci\u00f3n de la provincia dispuso 387 instituciones educativas en funcionamiento para el acto electoral, las que se ver\u00e1n [&hellip;]<\/p>\n","protected":false},"author":1,"featured_media":28454,"comment_status":"closed","ping_status":"closed","sticky":false,"template":"","format":"standard","meta":{"footnotes":""},"categories":[6],"tags":[],"class_list":{"0":"post-28453","1":"post","2":"type-post","3":"status-publish","4":"format-standard","5":"has-post-thumbnail","7":"category-chaco"},"_links":{"self":[{"href":"https:\/\/chacosintesis.com.ar\/index.php\/wp-json\/wp\/v2\/posts\/28453","targetHints":{"allow":["GET"]}}],"collection":[{"href":"https:\/\/chacosintesis.com.ar\/index.php\/wp-json\/wp\/v2\/posts"}],"about":[{"href":"https:\/\/chacosintesis.com.ar\/index.php\/wp-json\/wp\/v2\/types\/post"}],"author":[{"embeddable":true,"href":"https:\/\/chacosintesis.com.ar\/index.php\/wp-json\/wp\/v2\/users\/1"}],"replies":[{"embeddable":true,"href":"https:\/\/chacosintesis.com.ar\/index.php\/wp-json\/wp\/v2\/comments?post=28453"}],"version-history":[{"count":0,"href":"https:\/\/chacosintesis.com.ar\/index.php\/wp-json\/wp\/v2\/posts\/28453\/revisions"}],"wp:featuredmedia":[{"embeddable":true,"href":"https:\/\/chacosintesis.com.ar\/index.php\/wp-json\/wp\/v2\/media\/28454"}],"wp:attachment":[{"href":"https:\/\/chacosintesis.com.ar\/index.php\/wp-json\/wp\/v2\/media?parent=28453"}],"wp:term":[{"taxonomy":"category","embeddable":true,"href":"https:\/\/chacosintesis.com.ar\/index.php\/wp-json\/wp\/v2\/categories?post=28453"},{"taxonomy":"post_tag","embeddable":true,"href":"https:\/\/chacosintesis.com.ar\/index.php\/wp-json\/wp\/v2\/tags?post=28453"}],"curies":[{"name":"wp","href":"https:\/\/api.w.org\/{rel}","templated":true}]}}