{"id":28423,"date":"2023-11-13T09:38:18","date_gmt":"2023-11-13T12:38:18","guid":{"rendered":"https:\/\/chacosintesis.com.ar\/?p=28423"},"modified":"2023-11-13T10:09:11","modified_gmt":"2023-11-13T13:09:11","slug":"gyoker-y-arkwright-presentaron-una-denuncia-por-el-supuesto-desmantelamiento-del-hospital-4-de-junio","status":"publish","type":"post","link":"https:\/\/chacosintesis.com.ar\/index.php\/gyoker-y-arkwright-presentaron-una-denuncia-por-el-supuesto-desmantelamiento-del-hospital-4-de-junio\/","title":{"rendered":"G\u00ffoker y Arkwright presentaron una denuncia por el supuesto desmantelamiento del hospital 4 de Junio"},"content":{"rendered":"<div class=\"postie-post\">El diputado provincial electo Iv\u00e1n G\u00ffoker y la legisladora Dorys Arkwright, recibieron este fin de semana numerosas denuncias an\u00f3nimas sobre un supuesto desmantelamiento del Hospital 4 de Junio, de S\u00e1enz Pe\u00f1a. \u201cConcurrimos de manera personal, m\u00e1s precisamente donde funcionaba antiguamente el sector de Pediatr\u00eda y observamos la falta de chapas de un sector del techo, que parecieran haber sido sacadas a la fuerza, como as\u00ed tambi\u00e9n las aberturas, los ca\u00f1os y dem\u00e1s elementos dejando inutilizable esta \u00e1rea. Lamentablemente, la salud p\u00fablica est\u00e1 completamente destruida, no solamente no hay insumos, condiciones o medicamentos b\u00e1sicos, se est\u00e1n robando hasta las chapas, a este punto de desidia llegamos. Se llenan la boca hablando de salud p\u00fablica y est\u00e1 completamente destruida. Por eso, decidimos hacer esta denuncia ante la Fiscal\u00eda de turno de S\u00e1enz Pe\u00f1a para que se investigue esta situaci\u00f3n porque estas obras se ejecutan con recursos provinciales y para preservar el cuidado y la salud de la poblaci\u00f3n\u201d- indic\u00f3 Iv\u00e1n Gy\u00f6ker.<\/p>\n<p>Sobre los testimonios y los videos que recibieron los legisladores, agregaron: \u201cmuchos se han viralizado en las redes sociales de esta posible vandalizaci\u00f3n y el robo de materiales que han provocado adem\u00e1s temor en el personal de salud p\u00fablica, dej\u00e1ndolos indefensos frente a estas conductas delictivas. No se trata de una repartici\u00f3n p\u00fablica cualquiera, todos sabemos que es un nosocomio que por su ubicaci\u00f3n dentro de la provincia no solo recibe a los vecinos de S\u00e1enz Pe\u00f1a, sino tambi\u00e9n de las ciudades aleda\u00f1as\u201d.<\/p>\n<p>Por \u00faltimo, Gy\u00f6ker y Arkwrigth, remarcaron que decidieron hacer la denuncia para que se esclarezca y se delimiten las responsabilidades de lo ocurrido durante estos d\u00edas dentro del Hospital 4 de Junio. \u00bfC\u00f3mo es posible que transportaran por todo el nosocomio las chapas, los ca\u00f1os y dem\u00e1s elementos sin que nadie lo notara? m\u00e1xime teniendo en cuenta que en el lugar de los hechos existen c\u00e1maras de grabaci\u00f3n y vigilancia. Pedimos que se investigue para llegar a la verdad de los hechos y se pueda dar con los responsables de los mismos\u201d.<\/p><\/div>\n","protected":false},"excerpt":{"rendered":"<p>El diputado provincial electo Iv\u00e1n G\u00ffoker y la legisladora Dorys Arkwright, recibieron este fin de semana numerosas denuncias an\u00f3nimas sobre un supuesto desmantelamiento del Hospital 4 de Junio, de S\u00e1enz Pe\u00f1a. \u201cConcurrimos de manera personal, m\u00e1s precisamente donde funcionaba antiguamente el sector de Pediatr\u00eda y observamos la falta de chapas de un sector del techo, [&hellip;]<\/p>\n","protected":false},"author":1,"featured_media":28424,"comment_status":"closed","ping_status":"closed","sticky":false,"template":"","format":"standard","meta":{"footnotes":""},"categories":[6],"tags":[],"class_list":{"0":"post-28423","1":"post","2":"type-post","3":"status-publish","4":"format-standard","5":"has-post-thumbnail","7":"category-chaco"},"_links":{"self":[{"href":"https:\/\/chacosintesis.com.ar\/index.php\/wp-json\/wp\/v2\/posts\/28423","targetHints":{"allow":["GET"]}}],"collection":[{"href":"https:\/\/chacosintesis.com.ar\/index.php\/wp-json\/wp\/v2\/posts"}],"about":[{"href":"https:\/\/chacosintesis.com.ar\/index.php\/wp-json\/wp\/v2\/types\/post"}],"author":[{"embeddable":true,"href":"https:\/\/chacosintesis.com.ar\/index.php\/wp-json\/wp\/v2\/users\/1"}],"replies":[{"embeddable":true,"href":"https:\/\/chacosintesis.com.ar\/index.php\/wp-json\/wp\/v2\/comments?post=28423"}],"version-history":[{"count":0,"href":"https:\/\/chacosintesis.com.ar\/index.php\/wp-json\/wp\/v2\/posts\/28423\/revisions"}],"wp:featuredmedia":[{"embeddable":true,"href":"https:\/\/chacosintesis.com.ar\/index.php\/wp-json\/wp\/v2\/media\/28424"}],"wp:attachment":[{"href":"https:\/\/chacosintesis.com.ar\/index.php\/wp-json\/wp\/v2\/media?parent=28423"}],"wp:term":[{"taxonomy":"category","embeddable":true,"href":"https:\/\/chacosintesis.com.ar\/index.php\/wp-json\/wp\/v2\/categories?post=28423"},{"taxonomy":"post_tag","embeddable":true,"href":"https:\/\/chacosintesis.com.ar\/index.php\/wp-json\/wp\/v2\/tags?post=28423"}],"curies":[{"name":"wp","href":"https:\/\/api.w.org\/{rel}","templated":true}]}}