{"id":28419,"date":"2023-11-11T11:31:48","date_gmt":"2023-11-11T14:31:48","guid":{"rendered":"https:\/\/chacosintesis.com.ar\/?p=28419"},"modified":"2023-11-11T11:36:54","modified_gmt":"2023-11-11T14:36:54","slug":"las-brenas-zdero-en-la-fiesta-provincial-del-inmigrante","status":"publish","type":"post","link":"https:\/\/chacosintesis.com.ar\/index.php\/las-brenas-zdero-en-la-fiesta-provincial-del-inmigrante\/","title":{"rendered":"Las Bre\u00f1as: Zdero en la fiesta provincial del inmigrante"},"content":{"rendered":"<div class=\"postie-post\">El gobernador electo Leandro Zdero, acompa\u00f1\u00f3 anoche en Las Bre\u00f1as la apertura de la Fiesta Provincial del Inmigrante junto al Intendente V\u00edctor Omar Machuca y a toda la comunidad del sudoeste. \u201cDisfrutando de esta fiesta que es un mosaico de cultura, entrando al mundo de cada una de las colectividades con sus costumbres, sus trajes t\u00edpicos, sus comidas, sus colores, sus aromas, sus bailes y tradiciones que trajeron nuestros abuelos de distintas partes del mundo. Nuestro compromiso ser\u00e1 seguir acompa\u00f1ando esta fiesta que se ha transformado en la identidad del sudoeste y representa un orgullo para todos los chaque\u00f1os\u201d- se\u00f1al\u00f3.<\/p>\n<p>La actividad que concluye este domingo, se desarrolla en el predio ferial, sobre Ruta Nacional 89, en el acceso principal a Las Bre\u00f1as con un \u00e1rea de exposiciones que incluye los stands de las colectividades, confiter\u00edas, kart\u00f3dromo, espacios verdes, anfiteatro y zona de camping, entre otros. La Fiesta es un reconocimiento a quienes llegaron a principios de las primeras d\u00e9cadas del siglo pasado a nuestro pa\u00eds, con fe y con esperanza; renaciendo en las nuevas generaciones que se comprometen con este legado.<\/p>\n<p>Por su parte, el Intendente V\u00edctor Machuca manifest\u00f3: \u201cMuy feliz por los 44 a\u00f1os de fiesta consecutiva, 49 a\u00f1os desde que naci\u00f3 esta iniciativa, compartiendo lo que es nuestra identidad cultural en la diversidad, con el gran aporte que han hecho las m\u00e1s de veintinueve colectividades que ten\u00edamos en la ciudad representada y hoy con diez colectividades activas trabajando con sus fechas importantes de celebraciones durante todo el a\u00f1o\u201d<\/p>\n<p>Durante el acto protocolar, se present\u00f3 la bandera de ceremonia nacional y de las colectividades; se enton\u00f3 el Himno argentino y del Inmigrante. Posteriormente, se realiz\u00f3 la invocaci\u00f3n religiosa y hubo entrega de reconocimientos, entre ellos: la declaraci\u00f3n de inter\u00e9s legislativo de la Fiesta Provincial del Inmigrante. Luego, qued\u00f3 inaugurado el escenario central y adem\u00e1s, se encendieron los velones que simbolizan perpetuar la historia de esta actividad y que siga alumbrando el legado que dejaron los inmigrantes.<\/p>\n<p>Estuvieron presentes, junto a Zdero y al Intendente Machuca en la Fiesta Provincial del Inmigrante, el senador V\u00edctor Zimmermann, el diputado provincial Livio Guti\u00e9rrez, la Dra. Silvana Medina Laola, presidente de la comisi\u00f3n central de la Asociaci\u00f3n permanente; Dante Stach, secretario de gobierno municipal, autoridades del municipio local, el presidente de Concejo: Gustavo Gonz\u00e1lez y los concejales: Juan Domingo Schahovskoy.-Claudia Cabrera-Noelia Pruncini-Javier Asselborn- Diego Forestello-Juan G\u00f3mez-Ana Mar\u00eda Cabrera-M\u00f3nica Qui\u00f1ones; instituciones y vecinos de toda la zona.<\/p><\/div>\n","protected":false},"excerpt":{"rendered":"<p>El gobernador electo Leandro Zdero, acompa\u00f1\u00f3 anoche en Las Bre\u00f1as la apertura de la Fiesta Provincial del Inmigrante junto al Intendente V\u00edctor Omar Machuca y a toda la comunidad del sudoeste. \u201cDisfrutando de esta fiesta que es un mosaico de cultura, entrando al mundo de cada una de las colectividades con sus costumbres, sus trajes [&hellip;]<\/p>\n","protected":false},"author":1,"featured_media":28420,"comment_status":"closed","ping_status":"closed","sticky":false,"template":"","format":"standard","meta":{"footnotes":""},"categories":[6],"tags":[],"class_list":{"0":"post-28419","1":"post","2":"type-post","3":"status-publish","4":"format-standard","5":"has-post-thumbnail","7":"category-chaco"},"_links":{"self":[{"href":"https:\/\/chacosintesis.com.ar\/index.php\/wp-json\/wp\/v2\/posts\/28419","targetHints":{"allow":["GET"]}}],"collection":[{"href":"https:\/\/chacosintesis.com.ar\/index.php\/wp-json\/wp\/v2\/posts"}],"about":[{"href":"https:\/\/chacosintesis.com.ar\/index.php\/wp-json\/wp\/v2\/types\/post"}],"author":[{"embeddable":true,"href":"https:\/\/chacosintesis.com.ar\/index.php\/wp-json\/wp\/v2\/users\/1"}],"replies":[{"embeddable":true,"href":"https:\/\/chacosintesis.com.ar\/index.php\/wp-json\/wp\/v2\/comments?post=28419"}],"version-history":[{"count":0,"href":"https:\/\/chacosintesis.com.ar\/index.php\/wp-json\/wp\/v2\/posts\/28419\/revisions"}],"wp:featuredmedia":[{"embeddable":true,"href":"https:\/\/chacosintesis.com.ar\/index.php\/wp-json\/wp\/v2\/media\/28420"}],"wp:attachment":[{"href":"https:\/\/chacosintesis.com.ar\/index.php\/wp-json\/wp\/v2\/media?parent=28419"}],"wp:term":[{"taxonomy":"category","embeddable":true,"href":"https:\/\/chacosintesis.com.ar\/index.php\/wp-json\/wp\/v2\/categories?post=28419"},{"taxonomy":"post_tag","embeddable":true,"href":"https:\/\/chacosintesis.com.ar\/index.php\/wp-json\/wp\/v2\/tags?post=28419"}],"curies":[{"name":"wp","href":"https:\/\/api.w.org\/{rel}","templated":true}]}}