{"id":28415,"date":"2023-11-10T10:42:52","date_gmt":"2023-11-10T13:42:52","guid":{"rendered":"https:\/\/chacosintesis.com.ar\/?p=28415"},"modified":"2023-11-10T11:06:44","modified_gmt":"2023-11-10T14:06:44","slug":"napenay-un-fallecido-como-resultado-de-un-accidente-entre-un-auto-y-un-motociclista","status":"publish","type":"post","link":"https:\/\/chacosintesis.com.ar\/index.php\/napenay-un-fallecido-como-resultado-de-un-accidente-entre-un-auto-y-un-motociclista\/","title":{"rendered":"Napenay: un fallecido como resultado de un accidente entre un auto y un motociclista"},"content":{"rendered":"<div class=\"postie-post\">Seg\u00fan detallaron las primeras informaciones, una persona perdi\u00f3 la vida producto del choque. Sin embargo, hasta el momento no se difundi\u00f3 la identidad de la v\u00edctima.<\/p>\n<p>El tr\u00e1gico accidente que termin\u00f3 con un fallecido ocurri\u00f3 en la ma\u00f1ana de este viernes, en el kil\u00f3metro 196 de la Ruta Nacional N\u00b016, en cercan\u00edas a la localidad de Napenay.<\/p>\n<p>Alrededor de las 07:50 de esta ma\u00f1ana, el personal policial de la Comisar\u00eda local tom\u00f3 conocimiento del grave hecho, que tuvo como protagonistas a un auto Fiat y una motocicleta.<\/p>\n<p>Seg\u00fan detallaron las primeras informaciones, hay un fallecido producto del accidente. Sin embargo, hasta el momento no se difundi\u00f3 la identidad de la v\u00edctima.<br \/>\nEl personal del Gabinete Cient\u00edfico trabaj\u00f3 en el lugar, junto al m\u00f3vil tanatol\u00f3gico para el traslado del cuerpo. En tanto, los agentes de la Comisar\u00eda de Napenay coordinaron el tr\u00e1nsito en la zona, debido a una larga fila de veh\u00edculos que se form\u00f3 tras el hecho.<\/p>\n<p>DIARIO TAG.-<\/p><\/div>\n","protected":false},"excerpt":{"rendered":"<p>Seg\u00fan detallaron las primeras informaciones, una persona perdi\u00f3 la vida producto del choque. Sin embargo, hasta el momento no se difundi\u00f3 la identidad de la v\u00edctima. El tr\u00e1gico accidente que termin\u00f3 con un fallecido ocurri\u00f3 en la ma\u00f1ana de este viernes, en el kil\u00f3metro 196 de la Ruta Nacional N\u00b016, en cercan\u00edas a la localidad [&hellip;]<\/p>\n","protected":false},"author":1,"featured_media":28416,"comment_status":"closed","ping_status":"closed","sticky":false,"template":"","format":"standard","meta":{"footnotes":""},"categories":[6],"tags":[],"class_list":{"0":"post-28415","1":"post","2":"type-post","3":"status-publish","4":"format-standard","5":"has-post-thumbnail","7":"category-chaco"},"_links":{"self":[{"href":"https:\/\/chacosintesis.com.ar\/index.php\/wp-json\/wp\/v2\/posts\/28415","targetHints":{"allow":["GET"]}}],"collection":[{"href":"https:\/\/chacosintesis.com.ar\/index.php\/wp-json\/wp\/v2\/posts"}],"about":[{"href":"https:\/\/chacosintesis.com.ar\/index.php\/wp-json\/wp\/v2\/types\/post"}],"author":[{"embeddable":true,"href":"https:\/\/chacosintesis.com.ar\/index.php\/wp-json\/wp\/v2\/users\/1"}],"replies":[{"embeddable":true,"href":"https:\/\/chacosintesis.com.ar\/index.php\/wp-json\/wp\/v2\/comments?post=28415"}],"version-history":[{"count":0,"href":"https:\/\/chacosintesis.com.ar\/index.php\/wp-json\/wp\/v2\/posts\/28415\/revisions"}],"wp:featuredmedia":[{"embeddable":true,"href":"https:\/\/chacosintesis.com.ar\/index.php\/wp-json\/wp\/v2\/media\/28416"}],"wp:attachment":[{"href":"https:\/\/chacosintesis.com.ar\/index.php\/wp-json\/wp\/v2\/media?parent=28415"}],"wp:term":[{"taxonomy":"category","embeddable":true,"href":"https:\/\/chacosintesis.com.ar\/index.php\/wp-json\/wp\/v2\/categories?post=28415"},{"taxonomy":"post_tag","embeddable":true,"href":"https:\/\/chacosintesis.com.ar\/index.php\/wp-json\/wp\/v2\/tags?post=28415"}],"curies":[{"name":"wp","href":"https:\/\/api.w.org\/{rel}","templated":true}]}}