{"id":28413,"date":"2023-11-10T10:38:02","date_gmt":"2023-11-10T13:38:02","guid":{"rendered":"https:\/\/chacosintesis.com.ar\/?p=28413"},"modified":"2023-11-10T11:06:41","modified_gmt":"2023-11-10T14:06:41","slug":"ya-son-mas-de-3-600-los-afectados-por-el-desborde-del-rio","status":"publish","type":"post","link":"https:\/\/chacosintesis.com.ar\/index.php\/ya-son-mas-de-3-600-los-afectados-por-el-desborde-del-rio\/","title":{"rendered":"Ya son m\u00e1s de 3.600 los afectados por el desborde del r\u00edo"},"content":{"rendered":"<div class=\"postie-post\">El cuadro se mantiene complejo y con el monitoreo constante las autoridades prev\u00e9n un horizonte que obliga a mantenerse alerta.<\/p>\n<p> Lo que se aguardaba hace d\u00edas como el proceso natural en el comportamiento del r\u00edo en lo que son las oscilaciones entre creciente y bajante, todo indica que se dio el jueves a partir de que el Paran\u00e1 comenz\u00f3 a estabilizarse apenas por encima de los siete metros en el puerto de Barranqueras.<\/p>\n<p> En paralelo al fen\u00f3meno, autoridades provinciales y municipales trabajan en conjunto para los operativos de asistencia a las familias que sufren esta eventualidad, en lo que es la continuidad de las tareas que se iniciaron desde inicios de semana.<\/p>\n<p> Tambi\u00e9n, se mejoran las defensas en las zonas m\u00e1s cercanas al r\u00edo que padecen el avance en agua, de modo tal de evitar en primera instancia o al menos atenuar el avance del Paran\u00e1. El jueves, entre las tareas para atender la coyuntura, una de ellas se enfocaba en el barrio San Pedro Pescador, donde se efectuaba un movimiento de suelos para terminar de tapar una defensa en la que filtr\u00f3 el agua y naturalmente aneg\u00f3 todo lo que encontr\u00f3 a su pas\u00f3.<\/p>\n<p> CIFRAS<br \/>\nEn el Poder Ejecutivo se\u00f1alaban ayer que eran poco m\u00e1s de 500 las familias evacuadas, unas 200 las que abandonaron su domicilio por sus propios medios y contando las que permanecen en sus casas para resguardar sus bienes, son unas 900 familias y 3600 personas.<br \/>\nEn lo que respecta a las asistencias, la ministra de Desarrollo Social, P\u00eda Chiacchio Cavana, indic\u00f3 que cuando se conoci\u00f3 que los estudios marcaban la presencia del fen\u00f3meno de El Ni\u00f1o en la zona con lluvias por encima del promedio normal y crecida de r\u00edos, se firm\u00f3 un acuerdo con la Naci\u00f3n para implementar el programa Abrazar Argentina, que represent\u00f3 la adquisici\u00f3n de elementos de primera necesidad para los municipios afectados, que son Barranqueras, Colonia Ben\u00edtez, Isla del Cerrito, Puerto Vilelas y Puerto Bermejo.<\/p>\n<p> Desde 2016, cuando el Paran\u00e1 marc\u00f3 7,31 metros en Barranqueras que el r\u00edo no llegaba a valores tan cercanos como lo que fue entonces.<br \/>\n&#8220;Esta emergencia se estima que tenga cuanto menos un horizonte hata enero del a\u00f1o que viene. Por lo tanto, es necesario que los municipios tengan todos los elementos de primera necesidades cuando ocurren estos hechos posean el stock y no haya ninguna dilaci\u00f3n para que las familias tengan lo que necesitan, ropa, botas reforzadas, alimentos para sus animales tambi\u00e9n, que puedan tambi\u00e9n comenzar un proceso para recuperar toda la producci\u00f3n que se perdi\u00f3&#8221;, agreg\u00f3 la ministra de Desarrollo Social.<\/p>\n<p>Como curre en cada crecida, lo que se pide a la poblaci\u00f3n que habita en las zonas inundadas es que eviten al m\u00e1ximo la circulaci\u00f3n en canoas o lanchas en virtud de que no solo representa un perjuicio para quienes viven a la costa porque el impulso hace que el agua se traslade a los domicilios, sino tambi\u00e9n un peligro propio producto de que cayeron \u00e1rboles y cables y pueden generar un susto o una tragedia si no se toman los recaudos.<br \/>\nEn los puntos m\u00e1s cr\u00edticos contin\u00faan tambi\u00e9n los camiones sanitarios para dar respuestas tanto primeros auxilios como atenci\u00f3n primaria.<\/p>\n<p>DIARIO CHACO.-<\/p>\n<\/div>\n","protected":false},"excerpt":{"rendered":"<p>El cuadro se mantiene complejo y con el monitoreo constante las autoridades prev\u00e9n un horizonte que obliga a mantenerse alerta. Lo que se aguardaba hace d\u00edas como el proceso natural en el comportamiento del r\u00edo en lo que son las oscilaciones entre creciente y bajante, todo indica que se dio el jueves a partir de [&hellip;]<\/p>\n","protected":false},"author":1,"featured_media":28414,"comment_status":"closed","ping_status":"closed","sticky":false,"template":"","format":"standard","meta":{"footnotes":""},"categories":[6],"tags":[197],"class_list":{"0":"post-28413","1":"post","2":"type-post","3":"status-publish","4":"format-standard","5":"has-post-thumbnail","7":"category-chaco","8":"tag-destacada"},"_links":{"self":[{"href":"https:\/\/chacosintesis.com.ar\/index.php\/wp-json\/wp\/v2\/posts\/28413","targetHints":{"allow":["GET"]}}],"collection":[{"href":"https:\/\/chacosintesis.com.ar\/index.php\/wp-json\/wp\/v2\/posts"}],"about":[{"href":"https:\/\/chacosintesis.com.ar\/index.php\/wp-json\/wp\/v2\/types\/post"}],"author":[{"embeddable":true,"href":"https:\/\/chacosintesis.com.ar\/index.php\/wp-json\/wp\/v2\/users\/1"}],"replies":[{"embeddable":true,"href":"https:\/\/chacosintesis.com.ar\/index.php\/wp-json\/wp\/v2\/comments?post=28413"}],"version-history":[{"count":0,"href":"https:\/\/chacosintesis.com.ar\/index.php\/wp-json\/wp\/v2\/posts\/28413\/revisions"}],"wp:featuredmedia":[{"embeddable":true,"href":"https:\/\/chacosintesis.com.ar\/index.php\/wp-json\/wp\/v2\/media\/28414"}],"wp:attachment":[{"href":"https:\/\/chacosintesis.com.ar\/index.php\/wp-json\/wp\/v2\/media?parent=28413"}],"wp:term":[{"taxonomy":"category","embeddable":true,"href":"https:\/\/chacosintesis.com.ar\/index.php\/wp-json\/wp\/v2\/categories?post=28413"},{"taxonomy":"post_tag","embeddable":true,"href":"https:\/\/chacosintesis.com.ar\/index.php\/wp-json\/wp\/v2\/tags?post=28413"}],"curies":[{"name":"wp","href":"https:\/\/api.w.org\/{rel}","templated":true}]}}