{"id":28405,"date":"2023-11-09T08:42:30","date_gmt":"2023-11-09T11:42:30","guid":{"rendered":"https:\/\/chacosintesis.com.ar\/?p=28405"},"modified":"2023-11-09T09:06:48","modified_gmt":"2023-11-09T12:06:48","slug":"leandro-zdero-mantuvo-un-encuentro-protocolar-con-su-santidad-porfirije-patriarca-de-la-iglesia-ortodoxa-serbia","status":"publish","type":"post","link":"https:\/\/chacosintesis.com.ar\/index.php\/leandro-zdero-mantuvo-un-encuentro-protocolar-con-su-santidad-porfirije-patriarca-de-la-iglesia-ortodoxa-serbia\/","title":{"rendered":"Leandro Zdero mantuvo un encuentro protocolar con su santidad Porfirije, patriarca de la iglesia ortodoxa serbia"},"content":{"rendered":"<div class=\"postie-post\">El gobernador electo Leandro Zdero mantuvo un encuentro diplom\u00e1tico con su santidad Porfirije (Porfirio) y remarc\u00f3 su compromiso para promover el Di\u00e1logo y la Convivencia Interreligiosa en la Provincia del Chaco. El Patriarca arrib\u00f3 a nuestra provincia para consagrar el Templo de la Sant\u00edsima Trinidad de la Iglesia Ortodoxa Serbia en la ciudad de Resistencia, durante este fin de semana.<\/p>\n<p>La visita del l\u00edder religioso marca un hito hist\u00f3rico de la comunidad cat\u00f3lica apost\u00f3lica ortodoxa en la Argentina que incluy\u00f3 la consagraci\u00f3n del Templo de la Sant\u00edsima Trinidad en la ciudad de Resistencia m\u00e1s una visita (y posterior liturgia) en el templo del Monasterio de San Nicol\u00e1s en Machagai.<\/p>\n<p>Zdero recibi\u00f3 en Resistencia, a la delegaci\u00f3n de sacerdotes ortodoxos que acompa\u00f1aron al Patriarca y donde estuvieron presentes tambi\u00e9n el Reverendo Obispo de Buenos Aires y Sudam\u00e9rica, Sr. Cirilo Hieromonk Nikita; el Obispo Arsenije de Nis (Serbia), el Obispo Nikodim de Dalmacia, el Obispo Vicario Stefan de Remezija y el arcipreste Branko Stani\u0161i\u0107 del Monasterio de San Nicol\u00e1s de Machagai, entre varios sacerdotes, di\u00e1conos y diplom\u00e1ticos.<\/p>\n<p>\u201cTuve la oportunidad de conocer el Templo de la Sant\u00edsima Trinidad cuando se estaba construyendo, ya que su arquitecto Alejandro Roganovic fue mi compa\u00f1ero en la facultad, qued\u00e9 maravillado con la obra y el trabajo que llevan adelante. Creo profundamente que para fortalecer la libertad ciudadana y democr\u00e1tica, debemos fortalecer el Di\u00e1logo, la Convivencia Religiosa y la Paz\u201d asegur\u00f3 Zdero.<\/p>\n<p>SU SANTIDAD PORFIRIO<\/p>\n<p>Porfirio es el actual patriarca desde su elecci\u00f3n el 18 de febrero de 2021. Naci\u00f3 en 1961 en la ciudad de Becej, Serbia (por entonces Yugoslavia). Los patriarcas ortodoxos serbios tienen el t\u00edtulo de \u201cSu Santidad\u201d el Arzobispo de Pec, Metropolita de Belgrado y Karlovci, Patriarca Serbio.<\/p>\n<p>La m\u00e1xima autoridad de la Iglesia es la asamblea o s\u00ednodo de sus obispos (unos cuarenta). Ellos eligen de su seno tres candidatos a ser patriarca: luego introducen sus nombres en sobres en un Evangelio y se extrae uno de ellos, considerando que hay una intervenci\u00f3n divina en esa elecci\u00f3n.<br \/>\nEsta iglesia es la mayoritaria en Serbia (donde nuclea al 85% de la poblaci\u00f3n) y en Montenegro. Tiene una fuerte presencia (sin ser la mayoritaria) en Macedonia del Norte (de mayor\u00eda cristiana ortodoxa, 65%, pero que comparte con la iglesia ortodoxa macedonia, en un pa\u00eds con una fuerte comunidad musulmana, 33%) y en Bosnia-Herzegovina (donde m\u00e1s de la mitad de la poblaci\u00f3n es musulmana). Tiene adem\u00e1s una presencia muy peque\u00f1a en Croacia, de inmensa mayor\u00eda cat\u00f3lica, en tanto que existen exarcados (obispos) e iglesias de representaci\u00f3n patriarcal en otros lugares del mundo para atender a la di\u00e1spora serbia.<\/p>\n<p>La Iglesia Serbia alcanz\u00f3 la categor\u00eda de autoc\u00e9fala en 1219 dentro de las iglesias ortodoxas bajo la direcci\u00f3n de San Sava, convirti\u00e9ndose en una arquieparqu\u00eda independiente. Su estatus fue elevado a patriarcado en el siglo XVI, y fue conocido despu\u00e9s como el Patriarcado de Pec. El patriarcado fue abolido por los turcos otomanos en el siglo XVIII. La Iglesia Ortodoxa Serbia fue restablecida en 1920 tras la unificaci\u00f3n del Patriarcado de Karlovci, el Metropolita de Belgrado y el Metropolita de Montenegro. Se estima en un millar el n\u00famero de fieles activos en la Argentina.<\/p><\/div>\n","protected":false},"excerpt":{"rendered":"<p>El gobernador electo Leandro Zdero mantuvo un encuentro diplom\u00e1tico con su santidad Porfirije (Porfirio) y remarc\u00f3 su compromiso para promover el Di\u00e1logo y la Convivencia Interreligiosa en la Provincia del Chaco. El Patriarca arrib\u00f3 a nuestra provincia para consagrar el Templo de la Sant\u00edsima Trinidad de la Iglesia Ortodoxa Serbia en la ciudad de Resistencia, [&hellip;]<\/p>\n","protected":false},"author":1,"featured_media":28406,"comment_status":"closed","ping_status":"closed","sticky":false,"template":"","format":"standard","meta":{"footnotes":""},"categories":[6],"tags":[],"class_list":{"0":"post-28405","1":"post","2":"type-post","3":"status-publish","4":"format-standard","5":"has-post-thumbnail","7":"category-chaco"},"_links":{"self":[{"href":"https:\/\/chacosintesis.com.ar\/index.php\/wp-json\/wp\/v2\/posts\/28405","targetHints":{"allow":["GET"]}}],"collection":[{"href":"https:\/\/chacosintesis.com.ar\/index.php\/wp-json\/wp\/v2\/posts"}],"about":[{"href":"https:\/\/chacosintesis.com.ar\/index.php\/wp-json\/wp\/v2\/types\/post"}],"author":[{"embeddable":true,"href":"https:\/\/chacosintesis.com.ar\/index.php\/wp-json\/wp\/v2\/users\/1"}],"replies":[{"embeddable":true,"href":"https:\/\/chacosintesis.com.ar\/index.php\/wp-json\/wp\/v2\/comments?post=28405"}],"version-history":[{"count":0,"href":"https:\/\/chacosintesis.com.ar\/index.php\/wp-json\/wp\/v2\/posts\/28405\/revisions"}],"wp:featuredmedia":[{"embeddable":true,"href":"https:\/\/chacosintesis.com.ar\/index.php\/wp-json\/wp\/v2\/media\/28406"}],"wp:attachment":[{"href":"https:\/\/chacosintesis.com.ar\/index.php\/wp-json\/wp\/v2\/media?parent=28405"}],"wp:term":[{"taxonomy":"category","embeddable":true,"href":"https:\/\/chacosintesis.com.ar\/index.php\/wp-json\/wp\/v2\/categories?post=28405"},{"taxonomy":"post_tag","embeddable":true,"href":"https:\/\/chacosintesis.com.ar\/index.php\/wp-json\/wp\/v2\/tags?post=28405"}],"curies":[{"name":"wp","href":"https:\/\/api.w.org\/{rel}","templated":true}]}}