{"id":28393,"date":"2023-11-08T08:28:03","date_gmt":"2023-11-08T11:28:03","guid":{"rendered":"https:\/\/chacosintesis.com.ar\/?p=28393"},"modified":"2023-11-08T08:37:40","modified_gmt":"2023-11-08T11:37:40","slug":"saenz-pena-se-detectan-altos-indices-de-infantes-con-desnutricion-cronica-y-aguda","status":"publish","type":"post","link":"https:\/\/chacosintesis.com.ar\/index.php\/saenz-pena-se-detectan-altos-indices-de-infantes-con-desnutricion-cronica-y-aguda\/","title":{"rendered":"S\u00e1enz Pe\u00f1a: se detectan altos \u00edndices de infantes con desnutrici\u00f3n cr\u00f3nica y aguda"},"content":{"rendered":"<div class=\"postie-post\">El trabajo de los profesionales de Fundecch Conin agudiza su actividad para revertir la desnutrici\u00f3n. Extienden su atenci\u00f3n por cinco municipios.<\/p>\n<p>&#8220;Un desafiante a\u00f1o&#8221;, as\u00ed es catalogado 2023 por el Centro Fundecch de la Familia Conin que trabaja para revertir la condici\u00f3n de desnutrici\u00f3n que afecta a muchos ni\u00f1os &#8220;que ven afectado su potencial de futuro, si el problema no es revertido antes de los cinco a\u00f1os de edad&#8221;.<\/p>\n<p>El centro Fundecch habla de &#8220;desnutrici\u00f3n y no de hambre, porque no es necesariamente lo mismo. Pod\u00e9s no tener hambre, pero si com\u00e9s guiso todos los d\u00edas no est\u00e1s bien nutrido y a nosotros no solo nos interesa que los ni\u00f1os sobrevivan, porque nuestro trabajo es que cada infante se desarrolle y sea lo inteligente que potencialmente puede serlo, si se lo alimenta, se lo estimula y se lo educa como lo requiere y se lo merece&#8221;, detalla el profesor Javier Peralta, coordinador de la sede que Fundecch construy\u00f3 en el barrio Matadero para atender al ni\u00f1o y su familia.<br \/>\nEs de destacar que en el lugar no se trabaja exclusivamente con s\u00e1enzpe\u00f1enses, ya que el centro Fundecch de la Familia Conin ampli\u00f3 su \u00e1rea program\u00e1tica y llega con el trabajo de lucha contra la desnutrici\u00f3n a cinco municipios. En consecuencia, el lugar recibe peque\u00f1os desde Pampa del Infierno, Napenay, Avia Terai y Machagai, adem\u00e1s de los locales.<br \/>\nDATOS DE LA REALIDAD<br \/>\nEl &#8220;desafiante a\u00f1o&#8221; tiene directa relaci\u00f3n con la crisis econ\u00f3mica y social que atraviesa el pa\u00eds y que impacta en la canasta b\u00e1sica de alimentos de todos los sectores, especialmente de los m\u00e1s vulnerales. La realidad queda expuesta en los datos surgidos a partir de los dos operativos que se concretaron en 2023 y que implicaron doce d\u00edas de labor, en el que se atendieron trescientos ni\u00f1os de entre 0 y 4 a\u00f1os y 11 meses, detect\u00e1ndose m\u00e1s de sesenta casos de infantes con desnutrici\u00f3n cr\u00f3nica y aguda.<br \/>\n&#8220;Lamentablemente, nos estamos especializando cada vez m\u00e1s en la atenci\u00f3n y recuperaci\u00f3n de ni\u00f1os con desnutrici\u00f3n grave y son muchos los casos que el equipo est\u00e1 en proceso de recuperarlos&#8221;, afirma con dureza Peralta.<br \/>\nLos datos surgidos de cada relevamiento nutricional o de la detecci\u00f3n que se realiza en el centro de los casos, son subidos a la Plataforma Sumar lo que significa que &#8220;no se est\u00e1 diciendo nada que el Estado no sepa&#8221;. El trabajo contempla a menores de cinco a\u00f1os, &#8220;pero haciendo foco en los que tienen de cero a dos a\u00f1os&#8221;. La caracter\u00edstica del programa implementado es que &#8220;los chicos deben asistir todas las semanas a la sede del barrio Matadero para el control pedi\u00e1trico y nutricional, y cuando la familia no est\u00e1 dando respuesta inmediatamente el equipo acciona para revertir ese desentendimiento del entorno del peque\u00f1o&#8221;.<br \/>\nOTRO PUNTO DE VISTA<br \/>\nEn la contemplaci\u00f3n de los casos de mal nutrici\u00f3n que existen, el Estado nacional aplica una pol\u00edtica de asistencia a las familias que tal vez no concuerde con la estrategia de trabajo integral para el cuidado del ni\u00f1o. La administraci\u00f3n, en la estrategia ministerial utilizada, buscaba la distribuci\u00f3n directa de los recursos a las familias, mientras que la Familia Conin sostiene otra metodolog\u00eda.<br \/>\n&#8220;Lo que nosotros sostenemos es que a una persona que ha sido desnutrida de ni\u00f1o y no pudo expresar su potencial gen\u00e9tico, cuando toma decisiones lo hace pensando en el d\u00eda a d\u00eda y, en consecuencia, aunque se lo dote de un mont\u00f3n de recursos econ\u00f3micos ese programa no cumple la funci\u00f3n de nutrir&#8221;, explican desde el Centro Fundech.<br \/>\nEn las consideraciones se &#8220;estima m\u00e1s inteligente y efectivo destinar esos recursos a los programas que buscan tratar la problem\u00e1tica de la incorrecta nutrici\u00f3n a tiempo&#8221;. &#8220;Si le das y esa persona no te brinda una contraprestaci\u00f3n o no rinde cuentas es muy probable que ese recurso se diluya y no cumpla con el objetivo de que la familia tenga una correcta nutrici\u00f3n&#8221;, refiere Javier Peralta.<\/p>\n<p>DIARIO NORTE.-<\/p>\n<\/div>\n","protected":false},"excerpt":{"rendered":"<p>El trabajo de los profesionales de Fundecch Conin agudiza su actividad para revertir la desnutrici\u00f3n. Extienden su atenci\u00f3n por cinco municipios. &#8220;Un desafiante a\u00f1o&#8221;, as\u00ed es catalogado 2023 por el Centro Fundecch de la Familia Conin que trabaja para revertir la condici\u00f3n de desnutrici\u00f3n que afecta a muchos ni\u00f1os &#8220;que ven afectado su potencial de [&hellip;]<\/p>\n","protected":false},"author":1,"featured_media":28394,"comment_status":"closed","ping_status":"closed","sticky":false,"template":"","format":"standard","meta":{"footnotes":""},"categories":[6],"tags":[197],"class_list":{"0":"post-28393","1":"post","2":"type-post","3":"status-publish","4":"format-standard","5":"has-post-thumbnail","7":"category-chaco","8":"tag-destacada"},"_links":{"self":[{"href":"https:\/\/chacosintesis.com.ar\/index.php\/wp-json\/wp\/v2\/posts\/28393","targetHints":{"allow":["GET"]}}],"collection":[{"href":"https:\/\/chacosintesis.com.ar\/index.php\/wp-json\/wp\/v2\/posts"}],"about":[{"href":"https:\/\/chacosintesis.com.ar\/index.php\/wp-json\/wp\/v2\/types\/post"}],"author":[{"embeddable":true,"href":"https:\/\/chacosintesis.com.ar\/index.php\/wp-json\/wp\/v2\/users\/1"}],"replies":[{"embeddable":true,"href":"https:\/\/chacosintesis.com.ar\/index.php\/wp-json\/wp\/v2\/comments?post=28393"}],"version-history":[{"count":0,"href":"https:\/\/chacosintesis.com.ar\/index.php\/wp-json\/wp\/v2\/posts\/28393\/revisions"}],"wp:featuredmedia":[{"embeddable":true,"href":"https:\/\/chacosintesis.com.ar\/index.php\/wp-json\/wp\/v2\/media\/28394"}],"wp:attachment":[{"href":"https:\/\/chacosintesis.com.ar\/index.php\/wp-json\/wp\/v2\/media?parent=28393"}],"wp:term":[{"taxonomy":"category","embeddable":true,"href":"https:\/\/chacosintesis.com.ar\/index.php\/wp-json\/wp\/v2\/categories?post=28393"},{"taxonomy":"post_tag","embeddable":true,"href":"https:\/\/chacosintesis.com.ar\/index.php\/wp-json\/wp\/v2\/tags?post=28393"}],"curies":[{"name":"wp","href":"https:\/\/api.w.org\/{rel}","templated":true}]}}