{"id":28383,"date":"2023-11-07T08:46:47","date_gmt":"2023-11-07T11:46:47","guid":{"rendered":"https:\/\/chacosintesis.com.ar\/?p=28383"},"modified":"2023-11-07T09:07:30","modified_gmt":"2023-11-07T12:07:30","slug":"pesar-por-el-fallecimiento-de-dos-empresarios-duenos-de-medios-locales","status":"publish","type":"post","link":"https:\/\/chacosintesis.com.ar\/index.php\/pesar-por-el-fallecimiento-de-dos-empresarios-duenos-de-medios-locales\/","title":{"rendered":"Pesar por el fallecimiento de dos empresarios due\u00f1os de medios locales"},"content":{"rendered":"<div class=\"postie-post\">Enrique y Francisco \u201cPaco\u201d Saforcada Bosch murieron este lunes. Eran propietarios de Medios y Estrategias, empresa que operaba reconocidas radios como Facundo Quiroga y retransmisoras de emisoras porte\u00f1as.<\/p>\n<p>A trav\u00e9s de un comunicado difundido en la noche de este lunes por la empresa de medios que dirig\u00edan, se conoci\u00f3 el fallecimiento de los hermanos Enrique Gonzalo y Francisco \u201cPaco\u201d Saforcada Bosch.<br \/>\nMedios y Estrategias \u2013una de cuyas emisoras es la Radio Facundo Quiroga- inform\u00f3 de la siguiente manera el fallecimiento: \u201cTenemos el dolor de dar la noticia que nunca hubi\u00e9semos querido comunicar. Los queridos hermanos, Enrique Gonzalo Saforcada Bosch y Paco Saforcada Bosch nos dejaron para siempre. Qui\u00e9nes hacemos Medios y Estrategias y Radio Facundo Quiroga estamos embargados de dolor, pero fuertes para continuar por el camino de la informaci\u00f3n veraz y comprometida como cada d\u00eda y como nos inculcaron Gonzalo y Paco. Rogamos un eterno descanso de sus almas y agradecemos las muestras se solidaridad de periodistas que pasaron por esta casa\u201d.<br \/>\n Reporte policial sobre los hechos<\/p>\n<p>Desde la Polic\u00eda del Chaco informaron que cerca de las 18:44 ingres\u00f3 un llamado al Servicio de Emergencia 911 solicitando presencia policial en Avenida Lavalle y Pueyrred\u00f3n, donde habr\u00eda personas lesionadas con un arma de fuego.<br \/>\nLos agentes de la Divisi\u00f3n Cuerpo de Operaciones Motorizadas llegaron al lugar y observaron dos hombres con lesiones, uno de ellos inconsciente. Seguidamente, solicitaron una ambulancia, y personal del Departamento Investigaciones Complejas acudi\u00f3 a la zona para las investigaciones del hecho.<br \/>\nAlrededor de las 19:10, ingres\u00f3 una ambulancia al Hospital Perrando con Gonzalo Saforcada, sin signos vitales. El diagn\u00f3stico fue: \u201cIngreso sin signos vitales por herida de arma de fuego en t\u00f3rax y cr\u00e1neo&#8221;.<br \/>\nEn el lugar intervino Fiscal\u00eda Penal N\u00b03 a cargo de la Doctora Roxana Soto, personal de Gabinete Cient\u00edfico para la recolecci\u00f3n de elementos probatorios y Departamento Bomberos con m\u00f3vil tanatol\u00f3gico, quien traslad\u00f3 al fallecido Francisco Saforcada.<br \/>\nTras las pesquisas, secuestraron un arma de fuego calibre 9 mil\u00edmetros y vainas servidas. Finalmente, ambos fallecidos fueron trasladados al Instituto Medico de Ciencias Forenses para las autopsias.<\/p><\/div>\n","protected":false},"excerpt":{"rendered":"<p>Enrique y Francisco \u201cPaco\u201d Saforcada Bosch murieron este lunes. Eran propietarios de Medios y Estrategias, empresa que operaba reconocidas radios como Facundo Quiroga y retransmisoras de emisoras porte\u00f1as. A trav\u00e9s de un comunicado difundido en la noche de este lunes por la empresa de medios que dirig\u00edan, se conoci\u00f3 el fallecimiento de los hermanos Enrique [&hellip;]<\/p>\n","protected":false},"author":1,"featured_media":28384,"comment_status":"closed","ping_status":"closed","sticky":false,"template":"","format":"standard","meta":{"footnotes":""},"categories":[6],"tags":[],"class_list":{"0":"post-28383","1":"post","2":"type-post","3":"status-publish","4":"format-standard","5":"has-post-thumbnail","7":"category-chaco"},"_links":{"self":[{"href":"https:\/\/chacosintesis.com.ar\/index.php\/wp-json\/wp\/v2\/posts\/28383","targetHints":{"allow":["GET"]}}],"collection":[{"href":"https:\/\/chacosintesis.com.ar\/index.php\/wp-json\/wp\/v2\/posts"}],"about":[{"href":"https:\/\/chacosintesis.com.ar\/index.php\/wp-json\/wp\/v2\/types\/post"}],"author":[{"embeddable":true,"href":"https:\/\/chacosintesis.com.ar\/index.php\/wp-json\/wp\/v2\/users\/1"}],"replies":[{"embeddable":true,"href":"https:\/\/chacosintesis.com.ar\/index.php\/wp-json\/wp\/v2\/comments?post=28383"}],"version-history":[{"count":0,"href":"https:\/\/chacosintesis.com.ar\/index.php\/wp-json\/wp\/v2\/posts\/28383\/revisions"}],"wp:featuredmedia":[{"embeddable":true,"href":"https:\/\/chacosintesis.com.ar\/index.php\/wp-json\/wp\/v2\/media\/28384"}],"wp:attachment":[{"href":"https:\/\/chacosintesis.com.ar\/index.php\/wp-json\/wp\/v2\/media?parent=28383"}],"wp:term":[{"taxonomy":"category","embeddable":true,"href":"https:\/\/chacosintesis.com.ar\/index.php\/wp-json\/wp\/v2\/categories?post=28383"},{"taxonomy":"post_tag","embeddable":true,"href":"https:\/\/chacosintesis.com.ar\/index.php\/wp-json\/wp\/v2\/tags?post=28383"}],"curies":[{"name":"wp","href":"https:\/\/api.w.org\/{rel}","templated":true}]}}