{"id":28355,"date":"2023-11-05T20:28:23","date_gmt":"2023-11-05T23:28:23","guid":{"rendered":"https:\/\/chacosintesis.com.ar\/?p=28355"},"modified":"2023-11-05T20:37:00","modified_gmt":"2023-11-05T23:37:00","slug":"contundente-victoria-de-juntos-por-el-cambio-en-resistencia","status":"publish","type":"post","link":"https:\/\/chacosintesis.com.ar\/index.php\/contundente-victoria-de-juntos-por-el-cambio-en-resistencia\/","title":{"rendered":"Contundente victoria de Juntos por el Cambio en Resistencia"},"content":{"rendered":"<div class=\"postie-post\">Adem\u00e1s de quedarse con la intendencia de la principal comuna del Chaco, obtuvo seis de las 11 bancas en el Concejo Municipal; mientras que la CER se qued\u00f3 con tres y el Frente Chaque\u00f1o con dos. El escrutinio definitivo ser\u00e1 el martes 7 de noviembre.<\/p>\n<p>Por la envergadura del padr\u00f3n, la elecci\u00f3n que m\u00e1s expectativas generaba era la de la capital chaque\u00f1a, donde estuvieron en condiciones de votar 264.000 electores, entre hombres y mujeres. Fueron 769 mesas (m\u00e1s una extranjera) que se distribuyeron en 86 establecimientos educativos diseminados por toda la geograf\u00eda de Resistencia. Cerca de las 20,15 de este domingo 5, la Lista 653 de Juntos por el Cambio, que postul\u00f3 a Roy Nikisch y a Alejandro Aradas como intendente y presidente del Concejo confirm\u00f3 una aplastante victoria electoral con casi el 43 por ciento de los votos y seis de las 11 bancas legislativas que se pusieron en disputa. As\u00ed, junto a Aradas se sumar\u00e1n al Concejo municipal desde este 10 de diciembre Carla Cantero, Ram\u00f3n Romero, Anal\u00eda Ver\u00f3n, Javier Dumrauf y Miriam Jara.<br \/>\nEn tanto, la Corriente de Expresi\u00f3n Renovada que tuvo a Elida Cuesta y Guillermo Monz\u00f3n como candidatos se qued\u00f3 con el segundo lugar con cerca del 27% de lossufragios y tres bancas legislativas: a Monz\u00f3n se le sumar\u00e1n D.S. Villagra Delgado y \u00c1ngel Natalio S\u00e1nchez.<br \/>\nEl tercer lugar fue para la Lista 652 del Frente Chaque\u00f1o, que llev\u00f3 a Diego Ar\u00e9valo, como candidato a intendente; y a Fabricio Bolatti, como candidato a presidente del Concejo. Cosech\u00f3 casi el 18% de los votos y dos bancas para el Concejo: a Bolatti se le sumar\u00e1 Mar\u00eda Lucila Mas\u00edn.<\/p>\n<\/div>\n","protected":false},"excerpt":{"rendered":"<p>Adem\u00e1s de quedarse con la intendencia de la principal comuna del Chaco, obtuvo seis de las 11 bancas en el Concejo Municipal; mientras que la CER se qued\u00f3 con tres y el Frente Chaque\u00f1o con dos. El escrutinio definitivo ser\u00e1 el martes 7 de noviembre. Por la envergadura del padr\u00f3n, la elecci\u00f3n que m\u00e1s expectativas [&hellip;]<\/p>\n","protected":false},"author":1,"featured_media":28356,"comment_status":"closed","ping_status":"closed","sticky":false,"template":"","format":"standard","meta":{"footnotes":""},"categories":[6],"tags":[197],"class_list":{"0":"post-28355","1":"post","2":"type-post","3":"status-publish","4":"format-standard","5":"has-post-thumbnail","7":"category-chaco","8":"tag-destacada"},"_links":{"self":[{"href":"https:\/\/chacosintesis.com.ar\/index.php\/wp-json\/wp\/v2\/posts\/28355","targetHints":{"allow":["GET"]}}],"collection":[{"href":"https:\/\/chacosintesis.com.ar\/index.php\/wp-json\/wp\/v2\/posts"}],"about":[{"href":"https:\/\/chacosintesis.com.ar\/index.php\/wp-json\/wp\/v2\/types\/post"}],"author":[{"embeddable":true,"href":"https:\/\/chacosintesis.com.ar\/index.php\/wp-json\/wp\/v2\/users\/1"}],"replies":[{"embeddable":true,"href":"https:\/\/chacosintesis.com.ar\/index.php\/wp-json\/wp\/v2\/comments?post=28355"}],"version-history":[{"count":0,"href":"https:\/\/chacosintesis.com.ar\/index.php\/wp-json\/wp\/v2\/posts\/28355\/revisions"}],"wp:featuredmedia":[{"embeddable":true,"href":"https:\/\/chacosintesis.com.ar\/index.php\/wp-json\/wp\/v2\/media\/28356"}],"wp:attachment":[{"href":"https:\/\/chacosintesis.com.ar\/index.php\/wp-json\/wp\/v2\/media?parent=28355"}],"wp:term":[{"taxonomy":"category","embeddable":true,"href":"https:\/\/chacosintesis.com.ar\/index.php\/wp-json\/wp\/v2\/categories?post=28355"},{"taxonomy":"post_tag","embeddable":true,"href":"https:\/\/chacosintesis.com.ar\/index.php\/wp-json\/wp\/v2\/tags?post=28355"}],"curies":[{"name":"wp","href":"https:\/\/api.w.org\/{rel}","templated":true}]}}