{"id":28347,"date":"2023-11-05T14:35:46","date_gmt":"2023-11-05T17:35:46","guid":{"rendered":"https:\/\/chacosintesis.com.ar\/?p=28347"},"modified":"2023-11-05T14:36:44","modified_gmt":"2023-11-05T17:36:44","slug":"voto-capitanich-y-aseguro-que-estan-dadas-las-condiciones-para-que-la-ciudadania-asista-al-acto-eleccionario","status":"publish","type":"post","link":"https:\/\/chacosintesis.com.ar\/index.php\/voto-capitanich-y-aseguro-que-estan-dadas-las-condiciones-para-que-la-ciudadania-asista-al-acto-eleccionario\/","title":{"rendered":"Vot\u00f3 Capitanich y asegur\u00f3 que \u201cest\u00e1n dadas las condiciones para que la ciudadan\u00eda asista al acto eleccionario\u201d"},"content":{"rendered":"<div class=\"postie-post\">El gobernador de la provincia del Chaco, Jorge Capitanich, emiti\u00f3 su voto en la Escuela N\u00b041 de Resistencia \u201cRicardo Ivancovich\u201d, en las elecciones municipales. Este domingo 5 de noviembre son tres los municipios que eligen intendente y concejales: la capital chaque\u00f1a. Makall\u00e9 y Quitilipi.<br \/>\n\u201cHemos concurrido a un nuevo acto electoral y est\u00e1n dadas todas las condiciones para la libre concurrencia de los votantes\u201d, manifest\u00f3 Capitanich y agradeci\u00f3 a la ciudadan\u00eda por asistir a votar ya que \u201cdurante el 2023 el pueblo de la provincia del Chaco ya ha concurrido a votar en varias ocasiones y se espera a\u00fan la segunda vuelta electoral el 19 de noviembre\u201d.<br \/>\nEn este sentido, el primer mandatario provincial dijo que \u201cojal\u00e1 Dios quiera que la ciudadan\u00eda pueda escoger aquellos intendentes o intendentas que garanticen, a partir del 10 de diciembre, no solamente la gobernabilidad, sino tambi\u00e9n acci\u00f3n de gobierno\u201d.<br \/>\nEl gobernador dijo que en el transcurso de la jornada participar\u00e1 de la inauguraci\u00f3n de la iglesia ortodoxa y luego har\u00e1 el monitoreo del acto electoral, \u201cporque es necesario que desde el Gobierno de la provincia nos pongamos al servicio del tribunal electoral\u201d.<br \/>\nCabe recordar que este domingo se elige intendente y concejales en Resistencia, Makall\u00e9 y Quitilipi. Las autoridades del Tribunal Electoral del Chaco desplegaron 874 mesas que fueron repartidas entre 98 establecimientos educativos de las tres localidades.<\/p>\n<p>Emergencia h\u00eddrica<\/p>\n<p>El gobernador, en di\u00e1logo con la prensa, tambi\u00e9n se refiri\u00f3 a la situaci\u00f3n de la provincia a partir de la crecida de los r\u00edos. Capitanich dijo: \u201chemos decretado la situaci\u00f3n de emergencia y hemos tenido la presencia de Victoria Tolosa Paz que ha recorrido toda la regi\u00f3n\u201d. Adem\u00e1s adelant\u00f3 que la funcionaria nacional visitar\u00e1 nuevamente este domingo la provincia.<br \/>\nEl mandatario detall\u00f3 que son 1500 personas, que integran 500 familias que fueron damnificadas y que tienen alg\u00fan grado de intervenci\u00f3n por parte del Estado. De esta manera, detall\u00f3 que se est\u00e1 asistiendo \u201cdesde el punto de vista sanitario, con asistencia alimentaria, mecanismos de asistencia y monitoreo permanente junto a los intendentes de los municipios ribere\u00f1os\u201d.<br \/>\n\u201cSe han tomado todas las precauciones y recaudos\u201d, expres\u00f3\u201d.<\/p><\/div>\n","protected":false},"excerpt":{"rendered":"<p>El gobernador de la provincia del Chaco, Jorge Capitanich, emiti\u00f3 su voto en la Escuela N\u00b041 de Resistencia \u201cRicardo Ivancovich\u201d, en las elecciones municipales. Este domingo 5 de noviembre son tres los municipios que eligen intendente y concejales: la capital chaque\u00f1a. Makall\u00e9 y Quitilipi. \u201cHemos concurrido a un nuevo acto electoral y est\u00e1n dadas todas [&hellip;]<\/p>\n","protected":false},"author":1,"featured_media":28348,"comment_status":"closed","ping_status":"closed","sticky":false,"template":"","format":"standard","meta":{"footnotes":""},"categories":[6],"tags":[],"class_list":{"0":"post-28347","1":"post","2":"type-post","3":"status-publish","4":"format-standard","5":"has-post-thumbnail","7":"category-chaco"},"_links":{"self":[{"href":"https:\/\/chacosintesis.com.ar\/index.php\/wp-json\/wp\/v2\/posts\/28347","targetHints":{"allow":["GET"]}}],"collection":[{"href":"https:\/\/chacosintesis.com.ar\/index.php\/wp-json\/wp\/v2\/posts"}],"about":[{"href":"https:\/\/chacosintesis.com.ar\/index.php\/wp-json\/wp\/v2\/types\/post"}],"author":[{"embeddable":true,"href":"https:\/\/chacosintesis.com.ar\/index.php\/wp-json\/wp\/v2\/users\/1"}],"replies":[{"embeddable":true,"href":"https:\/\/chacosintesis.com.ar\/index.php\/wp-json\/wp\/v2\/comments?post=28347"}],"version-history":[{"count":0,"href":"https:\/\/chacosintesis.com.ar\/index.php\/wp-json\/wp\/v2\/posts\/28347\/revisions"}],"wp:featuredmedia":[{"embeddable":true,"href":"https:\/\/chacosintesis.com.ar\/index.php\/wp-json\/wp\/v2\/media\/28348"}],"wp:attachment":[{"href":"https:\/\/chacosintesis.com.ar\/index.php\/wp-json\/wp\/v2\/media?parent=28347"}],"wp:term":[{"taxonomy":"category","embeddable":true,"href":"https:\/\/chacosintesis.com.ar\/index.php\/wp-json\/wp\/v2\/categories?post=28347"},{"taxonomy":"post_tag","embeddable":true,"href":"https:\/\/chacosintesis.com.ar\/index.php\/wp-json\/wp\/v2\/tags?post=28347"}],"curies":[{"name":"wp","href":"https:\/\/api.w.org\/{rel}","templated":true}]}}