{"id":28345,"date":"2023-11-05T14:34:01","date_gmt":"2023-11-05T17:34:01","guid":{"rendered":"https:\/\/chacosintesis.com.ar\/?p=28345"},"modified":"2023-11-05T14:36:37","modified_gmt":"2023-11-05T17:36:37","slug":"el-parana-alcanzo-el-nivel-de-evacuacion-y-se-mantendra-en-ascenso","status":"publish","type":"post","link":"https:\/\/chacosintesis.com.ar\/index.php\/el-parana-alcanzo-el-nivel-de-evacuacion-y-se-mantendra-en-ascenso\/","title":{"rendered":"El Paran\u00e1 alcanz\u00f3 el nivel de evacuaci\u00f3n y se mantendr\u00e1 en ascenso"},"content":{"rendered":"<div class=\"postie-post\">El Comit\u00e9 de Emergencia H\u00eddrica trabaja en forma coordinada con los municipios de las zonas afectadas. En tanto, la APA mantiene un monitoreo continuo de los niveles de los r\u00edos y pron\u00f3sticos meteorol\u00f3gicos mediante guardias activas.<\/p>\n<p>La Administraci\u00f3n Provincial del Agua (APA) inform\u00f3 este domingo, que el r\u00edo Paran\u00e1 alcanz\u00f3 el nivel de evacuaci\u00f3n y permanecer\u00e1 en ascenso. En ese contexto, el Gobierno chaque\u00f1o, a trav\u00e9s de sus distintas \u00e1reas intervinientes, mantiene guardias activas para monitorear de manera continua la altura h\u00eddrica de los r\u00edos y los pron\u00f3sticos meteorol\u00f3gicos e informar\u00e1 a la comunidad cualquier eventualidad.<br \/>\nEn el hidr\u00f3metro de Barranqueras, la altura del Paran\u00e1 super\u00f3 los 6,50 metros (nivel de evacuaci\u00f3n) y se mantiene en ascenso como consecuencia de las precipitaciones severas producidas semanas previas sobre la cuenca del Iguaz\u00fa, siendo la misma una cuenca de r\u00e1pida respuesta a estos eventos meteorol\u00f3gicos aumentando de forma considerable su caudal en cortos periodos.<br \/>\nLa tendencia clim\u00e1tica, con horizonte a la \u00faltima semana de noviembre, para Corrientes, Misiones, cuenca del r\u00edo Uruguay, cuenca del r\u00edo Iguaz\u00fa, cuenca no regulada del r\u00edo Paran\u00e1 en Brasil y cuenca media y baja del r\u00edo Paraguay indica lluvias superiores a lo normal y lluvias normales para el resto de la cuenca.<br \/>\nEl Comit\u00e9 de Emergencia H\u00eddrica se prepar\u00f3 con anticipaci\u00f3n y desde un principio trabaja junto a los municipios afectados, como Barranqueras, Colonia Ben\u00edtez, Isla del Cerrito, Puerto Bermejo y Puerto Vilelas para que las medidas y sistemas de prevenci\u00f3n, asistencia y contenci\u00f3n lleguen a las poblaciones y dar una respuesta r\u00e1pida a la emergencia en curso.<br \/>\nEn ese marco, este s\u00e1bado, la ministra de Desarrollo Social de Naci\u00f3n, Victoria Tolosa Paz, visit\u00f3 la provincia para evaluar junto al gobernador Jorge Capitanich, la vicegobernadora Anal\u00eda Rach Quiroga y el Comit\u00e9 de Emergencia H\u00eddrica el estado actual de la emergencia, a fin de seguir articulando asistencia y diversas medidas para las familias afectadas.<br \/>\nHay que recordar que el Gobierno provincial decret\u00f3 la emergencia hidrometeorol\u00f3gica por el lapso de 90 d\u00edas para Puerto Bermejo, Isla del Cerrito, Colonia Ben\u00edtez, Barranqueras, Las Palmas y Puerto Vilelas. Adem\u00e1s, defini\u00f3 la habilitaci\u00f3n de un fondo especial de 60 millones de pesos con el objetivo de solventar los gastos que demanden las acciones de protecci\u00f3n y prevenci\u00f3n.<br \/>\nDesde el Comit\u00e9 de Emergencia se\u00f1alaron que se mantendr\u00e1 informada a la comunidad ante cualquier cambio en la situaci\u00f3n actual y\/o cualquier eventualidad que pueda surgir.<\/p>\n<p> L\u00edneas de comunicaci\u00f3n del Gobierno Provincial<\/p>\n<p>Deben comunicarse con la APA al n\u00famero fijo 4419990 y por Whatsapp al 3624017755 por temas relacionados a los asentamientos sobre los terraplenes de defensa o cualquier intervenci\u00f3n que perjudique la estructura de los mismos, como as\u00ed tambi\u00e9n por las obras de control y estaciones de bombeo.<br \/>\nAnte otras contingencias existen los siguientes n\u00fameros de comunicaci\u00f3n: Bomberos: 100; Emergencia M\u00e9dica: 107; Sistema Policial: 911; Defensa Civil: 103; Asistencia Social: 362 402-4802; Secheep: 364-437-7044; MIRAME: 0800-888-6472.<\/p><\/div>\n","protected":false},"excerpt":{"rendered":"<p>El Comit\u00e9 de Emergencia H\u00eddrica trabaja en forma coordinada con los municipios de las zonas afectadas. En tanto, la APA mantiene un monitoreo continuo de los niveles de los r\u00edos y pron\u00f3sticos meteorol\u00f3gicos mediante guardias activas. La Administraci\u00f3n Provincial del Agua (APA) inform\u00f3 este domingo, que el r\u00edo Paran\u00e1 alcanz\u00f3 el nivel de evacuaci\u00f3n y [&hellip;]<\/p>\n","protected":false},"author":1,"featured_media":28346,"comment_status":"closed","ping_status":"closed","sticky":false,"template":"","format":"standard","meta":{"footnotes":""},"categories":[6],"tags":[],"class_list":{"0":"post-28345","1":"post","2":"type-post","3":"status-publish","4":"format-standard","5":"has-post-thumbnail","7":"category-chaco"},"_links":{"self":[{"href":"https:\/\/chacosintesis.com.ar\/index.php\/wp-json\/wp\/v2\/posts\/28345","targetHints":{"allow":["GET"]}}],"collection":[{"href":"https:\/\/chacosintesis.com.ar\/index.php\/wp-json\/wp\/v2\/posts"}],"about":[{"href":"https:\/\/chacosintesis.com.ar\/index.php\/wp-json\/wp\/v2\/types\/post"}],"author":[{"embeddable":true,"href":"https:\/\/chacosintesis.com.ar\/index.php\/wp-json\/wp\/v2\/users\/1"}],"replies":[{"embeddable":true,"href":"https:\/\/chacosintesis.com.ar\/index.php\/wp-json\/wp\/v2\/comments?post=28345"}],"version-history":[{"count":0,"href":"https:\/\/chacosintesis.com.ar\/index.php\/wp-json\/wp\/v2\/posts\/28345\/revisions"}],"wp:featuredmedia":[{"embeddable":true,"href":"https:\/\/chacosintesis.com.ar\/index.php\/wp-json\/wp\/v2\/media\/28346"}],"wp:attachment":[{"href":"https:\/\/chacosintesis.com.ar\/index.php\/wp-json\/wp\/v2\/media?parent=28345"}],"wp:term":[{"taxonomy":"category","embeddable":true,"href":"https:\/\/chacosintesis.com.ar\/index.php\/wp-json\/wp\/v2\/categories?post=28345"},{"taxonomy":"post_tag","embeddable":true,"href":"https:\/\/chacosintesis.com.ar\/index.php\/wp-json\/wp\/v2\/tags?post=28345"}],"curies":[{"name":"wp","href":"https:\/\/api.w.org\/{rel}","templated":true}]}}