{"id":28343,"date":"2023-11-05T14:25:43","date_gmt":"2023-11-05T17:25:43","guid":{"rendered":"https:\/\/chacosintesis.com.ar\/?p=28343"},"modified":"2023-11-05T14:26:37","modified_gmt":"2023-11-05T17:26:37","slug":"leandro-zdero-haciendo-honor-a-lo-que-nos-permite-la-democracia","status":"publish","type":"post","link":"https:\/\/chacosintesis.com.ar\/index.php\/leandro-zdero-haciendo-honor-a-lo-que-nos-permite-la-democracia\/","title":{"rendered":"Leandro Zdero: &#8220;Haciendo honor a lo que nos permite la democracia&#8221;"},"content":{"rendered":"<div class=\"postie-post\">El gobernador electo Leandro Zdero vot\u00f3 esta ma\u00f1ana en la EEP 336 \u201cEnrique Banchs\u201d de Resistencia en el marco de las elecciones municipales de este domingo. \u201cCumpliendo y haciendo honor a lo que nos permite la democracia; tambi\u00e9n monitoreando lo que sucede en la capital chaque\u00f1a, en Makall\u00e9 y en Quitilipi en esta jornada muy importante donde se define quien va a conducir cada uno de los gobiernos municipales\u201d- se\u00f1al\u00f3.<\/p>\n<p>Zdero remarc\u00f3 la importancia de ir a votar durante este domingo por lo cual pidi\u00f3 a los vecinos \u201cque se acerquen a emitir su voto, porque es fundamental y se elige qui\u00e9nes van a ser gestores en cada una de sus comunidades. El control y el monitoreo se est\u00e1 desarrollando con normalidad en las tres localidades y vamos a continuar este seguimiento durante toda la jornada\u201d.<\/p>\n<p>Por \u00faltimo, Zdero expres\u00f3: \u201cCreemos que los resultados van a ser r\u00e1pidos, despu\u00e9s, en horas de la tarde, estaremos esperando las definiciones en el B\u00fanker, anhelando una muy buena jornada democr\u00e1tica para las localidades que hoy definen sus intendentes\u201d.<\/p><\/div>\n","protected":false},"excerpt":{"rendered":"<p>El gobernador electo Leandro Zdero vot\u00f3 esta ma\u00f1ana en la EEP 336 \u201cEnrique Banchs\u201d de Resistencia en el marco de las elecciones municipales de este domingo. \u201cCumpliendo y haciendo honor a lo que nos permite la democracia; tambi\u00e9n monitoreando lo que sucede en la capital chaque\u00f1a, en Makall\u00e9 y en Quitilipi en esta jornada muy [&hellip;]<\/p>\n","protected":false},"author":1,"featured_media":28344,"comment_status":"closed","ping_status":"closed","sticky":false,"template":"","format":"standard","meta":{"footnotes":""},"categories":[6],"tags":[],"class_list":{"0":"post-28343","1":"post","2":"type-post","3":"status-publish","4":"format-standard","5":"has-post-thumbnail","7":"category-chaco"},"_links":{"self":[{"href":"https:\/\/chacosintesis.com.ar\/index.php\/wp-json\/wp\/v2\/posts\/28343","targetHints":{"allow":["GET"]}}],"collection":[{"href":"https:\/\/chacosintesis.com.ar\/index.php\/wp-json\/wp\/v2\/posts"}],"about":[{"href":"https:\/\/chacosintesis.com.ar\/index.php\/wp-json\/wp\/v2\/types\/post"}],"author":[{"embeddable":true,"href":"https:\/\/chacosintesis.com.ar\/index.php\/wp-json\/wp\/v2\/users\/1"}],"replies":[{"embeddable":true,"href":"https:\/\/chacosintesis.com.ar\/index.php\/wp-json\/wp\/v2\/comments?post=28343"}],"version-history":[{"count":0,"href":"https:\/\/chacosintesis.com.ar\/index.php\/wp-json\/wp\/v2\/posts\/28343\/revisions"}],"wp:featuredmedia":[{"embeddable":true,"href":"https:\/\/chacosintesis.com.ar\/index.php\/wp-json\/wp\/v2\/media\/28344"}],"wp:attachment":[{"href":"https:\/\/chacosintesis.com.ar\/index.php\/wp-json\/wp\/v2\/media?parent=28343"}],"wp:term":[{"taxonomy":"category","embeddable":true,"href":"https:\/\/chacosintesis.com.ar\/index.php\/wp-json\/wp\/v2\/categories?post=28343"},{"taxonomy":"post_tag","embeddable":true,"href":"https:\/\/chacosintesis.com.ar\/index.php\/wp-json\/wp\/v2\/tags?post=28343"}],"curies":[{"name":"wp","href":"https:\/\/api.w.org\/{rel}","templated":true}]}}