{"id":28335,"date":"2023-11-04T22:17:39","date_gmt":"2023-11-05T01:17:39","guid":{"rendered":"https:\/\/chacosintesis.com.ar\/?p=28335"},"modified":"2023-11-04T22:37:38","modified_gmt":"2023-11-05T01:37:38","slug":"la-proxima-semana-comienza-el-pago-a-programas-provinciales","status":"publish","type":"post","link":"https:\/\/chacosintesis.com.ar\/index.php\/la-proxima-semana-comienza-el-pago-a-programas-provinciales\/","title":{"rendered":"La pr\u00f3xima semana comienza el pago a programas provinciales"},"content":{"rendered":"<div class=\"postie-post\">El cronograma comenzar\u00e1 con el Programa Expertos, luego ser\u00e1 el turno de M\u00e1s Inclusi\u00f3n y Renta M\u00ednima Progresiva. Como es habitual el cronograma contin\u00faa con Servicio de Mantenimiento de Establecimientos Escolares, becas del Instituto del Deporte y de Cultura.<\/p>\n<p> El Ministerio de Planificaci\u00f3n, Econom\u00eda e Infraestructura inform\u00f3 el cronograma de pagos de programas provinciales, que iniciar\u00e1 con las y los beneficiarios del programa Expertos, dependientes del Ministerio de Salud P\u00fablica. Los mismos cobrar\u00e1n el jueves de la pr\u00f3xima semana.<br \/>\nEl cronograma de pagos seguir\u00e1 el viernes 10, con el turno de las y los beneficiarios del programa M\u00e1s Inclusi\u00f3n, dependiente del Ministerio de Desarrollo Social.<br \/>\nEn cuanto a Renta M\u00ednima Progresiva, tambi\u00e9n dependiente del Ministerio de Desarrollo Social, se abonar\u00e1 en dos d\u00edas ya que, como es habitual, el pago se realizar\u00e1 por terminaci\u00f3n de los n\u00fameros de documento.<br \/>\nEl lunes 13, cobrar\u00e1n las personas beneficiarias con documentos terminados en 0, 1, 2, 3 y 4. Luego, el martes 14, lo har\u00e1n quienes tengan DNI terminados en 5, 6, 7, 8 y 9.<br \/>\nAdem\u00e1s, el lunes 13 ser\u00e1 el turno de beneficiarias y beneficiarios del Servicio de Mantenimiento de Establecimientos Educativos, dependiente del Ministerio de Educaci\u00f3n chaque\u00f1o.<br \/>\nPara finalizar el cronograma difundido por el Ministerio de Planificaci\u00f3n, Econom\u00eda e Infraestructura, el martes 14 cobrar\u00e1n las y los becarios del Instituto del Deporte y del Instituto de Cultura.<br \/>\nLos salarios se depositar\u00e1n en las cuentas del Nuevo Banco del Chaco (NBCH), por lo que la cartera econ\u00f3mica recuerda que los fondos estar\u00e1n disponibles a trav\u00e9s de todos los canales electr\u00f3nicos de la entidad financiera.<\/p>\n<p>Cronograma<\/p>\n<p>&#8211; Programa Expertos: jueves 9 de noviembre<br \/>\n&#8211; M\u00e1s inclusi\u00f3n: viernes 10 de noviembre<br \/>\n&#8211; Renta M\u00ednima Progresiva: El lunes 13 de noviembre (DNI terminados en 0,1,2,3y 4); martes 14 de noviembre (DNI terminados en 5,6,7,8 y 9)<br \/>\n&#8211; Servicio de Mantenimiento de Establecimientos Educativos: lunes 13 de noviembre<br \/>\n&#8211; Becas Instituto del Deporte: martes 14 de noviembre<br \/>\n&#8211; Becas Instituto de Cultura: martes 14 de noviembre<\/p><\/div>\n","protected":false},"excerpt":{"rendered":"<p>El cronograma comenzar\u00e1 con el Programa Expertos, luego ser\u00e1 el turno de M\u00e1s Inclusi\u00f3n y Renta M\u00ednima Progresiva. Como es habitual el cronograma contin\u00faa con Servicio de Mantenimiento de Establecimientos Escolares, becas del Instituto del Deporte y de Cultura. El Ministerio de Planificaci\u00f3n, Econom\u00eda e Infraestructura inform\u00f3 el cronograma de pagos de programas provinciales, que [&hellip;]<\/p>\n","protected":false},"author":1,"featured_media":28336,"comment_status":"closed","ping_status":"closed","sticky":false,"template":"","format":"standard","meta":{"footnotes":""},"categories":[6],"tags":[],"class_list":{"0":"post-28335","1":"post","2":"type-post","3":"status-publish","4":"format-standard","5":"has-post-thumbnail","7":"category-chaco"},"_links":{"self":[{"href":"https:\/\/chacosintesis.com.ar\/index.php\/wp-json\/wp\/v2\/posts\/28335","targetHints":{"allow":["GET"]}}],"collection":[{"href":"https:\/\/chacosintesis.com.ar\/index.php\/wp-json\/wp\/v2\/posts"}],"about":[{"href":"https:\/\/chacosintesis.com.ar\/index.php\/wp-json\/wp\/v2\/types\/post"}],"author":[{"embeddable":true,"href":"https:\/\/chacosintesis.com.ar\/index.php\/wp-json\/wp\/v2\/users\/1"}],"replies":[{"embeddable":true,"href":"https:\/\/chacosintesis.com.ar\/index.php\/wp-json\/wp\/v2\/comments?post=28335"}],"version-history":[{"count":0,"href":"https:\/\/chacosintesis.com.ar\/index.php\/wp-json\/wp\/v2\/posts\/28335\/revisions"}],"wp:featuredmedia":[{"embeddable":true,"href":"https:\/\/chacosintesis.com.ar\/index.php\/wp-json\/wp\/v2\/media\/28336"}],"wp:attachment":[{"href":"https:\/\/chacosintesis.com.ar\/index.php\/wp-json\/wp\/v2\/media?parent=28335"}],"wp:term":[{"taxonomy":"category","embeddable":true,"href":"https:\/\/chacosintesis.com.ar\/index.php\/wp-json\/wp\/v2\/categories?post=28335"},{"taxonomy":"post_tag","embeddable":true,"href":"https:\/\/chacosintesis.com.ar\/index.php\/wp-json\/wp\/v2\/tags?post=28335"}],"curies":[{"name":"wp","href":"https:\/\/api.w.org\/{rel}","templated":true}]}}