{"id":28329,"date":"2023-11-04T15:47:50","date_gmt":"2023-11-04T18:47:50","guid":{"rendered":"https:\/\/chacosintesis.com.ar\/?p=28329"},"modified":"2023-11-04T16:06:48","modified_gmt":"2023-11-04T19:06:48","slug":"las-voces-de-quienes-perdieron-todo-por-el-avance-de-las-aguas","status":"publish","type":"post","link":"https:\/\/chacosintesis.com.ar\/index.php\/las-voces-de-quienes-perdieron-todo-por-el-avance-de-las-aguas\/","title":{"rendered":"Las voces de quienes perdieron todo por el avance de las aguas"},"content":{"rendered":"<div class=\"postie-post\">En Barranqueras, Mario Fern\u00e1ndez lament\u00f3 la p\u00e9rdida de dos de sus chanchos y otras tantas gallinas, mientras que Laura Delgado perdi\u00f3 &#8220;todo lo que ten\u00eda&#8221; en su rancho.<\/p>\n<p>En la ma\u00f1ana de ayer viernes 3 de noviembre el registro del Puerto de Barranqueras indic\u00f3 una altura de 5,95 metros del Paran\u00e1, es decir sobre el l\u00edmite de evacuaci\u00f3n (6,5 metros). Adem\u00e1s se espera que entre ma\u00f1ana y lunes llegue a los 7 metros.<\/p>\n<p>En este contexto, las familias que viven sobre el margen del r\u00edo pierden sus pocas pertenencias, as\u00ed como tambi\u00e9n los animales que cr\u00edan para poder subsistir, entre otras.<br \/>\nOPINIONES DISPARES ENTRE LOS DAMNIFICADOS<br \/>\nMario Fern\u00e1ndez vive junto con su esposa y su hijo en la costa de Barranqueras, pr\u00f3ximo a otras dos familias. Si bien sus ranchos no se vieron afectados por las crecidas del Paran\u00e1, a\u00fan no est\u00e1n a salvo ya que la tendencia del r\u00edo contin\u00faa en crecida. Mario y sus vecinos perdieron alrededor de dos chanchos y tres lechoncitos que murieron ahogados. Seg\u00fan coment\u00f3 a NORTE, no recibi\u00f3 asistencia ni fue visitado por las autoridades municipales.<br \/>\n&#8220;No nos gusta porque aparecen cuando quieren o cuando les conviene porque se acercan las elecciones. Nos vamos a levantar solos, como ya hicimos en otras inundaciones&#8221;, declar\u00f3 respecto a si espera recibir asistencia.<\/p>\n<p>Otro caso es el de Mar\u00eda Laura Delgado. La mujer es oriunda de S\u00e1enz Pe\u00f1a y lleg\u00f3 a Barranqueras hace un mes en b\u00fasqueda de oportunidades. Arm\u00f3 un rancho sobre la costa, a poco m\u00e1s de 100 metros del Puerto, y empez\u00f3 a trabajar con distintas changas para lograr sostenerse. &#8220;El agua nos llev\u00f3 todo lo que ten\u00edamos&#8221;, asegur\u00f3. Laura tiene tres hijos peque\u00f1os. Tambi\u00e9n lament\u00f3 que no recibi\u00f3 ning\u00fan tipo de asistencia &#8220;nadie se acerc\u00f3 a preguntarnos c\u00f3mo estamos&#8221;.<br \/>\nEn este momento vive en una casilla que un vecino del lugar les prest\u00f3, con el pedido de que cuide de sus animales. Laura necesita chapas para reforzar el techo y mercader\u00eda para alimentar sus hijos en tanto pase la inundaci\u00f3n y pueda recuperarse.<\/p>\n<p>DIARIO NORTE.-<\/p><\/div>\n","protected":false},"excerpt":{"rendered":"<p>En Barranqueras, Mario Fern\u00e1ndez lament\u00f3 la p\u00e9rdida de dos de sus chanchos y otras tantas gallinas, mientras que Laura Delgado perdi\u00f3 &#8220;todo lo que ten\u00eda&#8221; en su rancho. En la ma\u00f1ana de ayer viernes 3 de noviembre el registro del Puerto de Barranqueras indic\u00f3 una altura de 5,95 metros del Paran\u00e1, es decir sobre el [&hellip;]<\/p>\n","protected":false},"author":1,"featured_media":28330,"comment_status":"closed","ping_status":"closed","sticky":false,"template":"","format":"standard","meta":{"footnotes":""},"categories":[6],"tags":[],"class_list":{"0":"post-28329","1":"post","2":"type-post","3":"status-publish","4":"format-standard","5":"has-post-thumbnail","7":"category-chaco"},"_links":{"self":[{"href":"https:\/\/chacosintesis.com.ar\/index.php\/wp-json\/wp\/v2\/posts\/28329","targetHints":{"allow":["GET"]}}],"collection":[{"href":"https:\/\/chacosintesis.com.ar\/index.php\/wp-json\/wp\/v2\/posts"}],"about":[{"href":"https:\/\/chacosintesis.com.ar\/index.php\/wp-json\/wp\/v2\/types\/post"}],"author":[{"embeddable":true,"href":"https:\/\/chacosintesis.com.ar\/index.php\/wp-json\/wp\/v2\/users\/1"}],"replies":[{"embeddable":true,"href":"https:\/\/chacosintesis.com.ar\/index.php\/wp-json\/wp\/v2\/comments?post=28329"}],"version-history":[{"count":0,"href":"https:\/\/chacosintesis.com.ar\/index.php\/wp-json\/wp\/v2\/posts\/28329\/revisions"}],"wp:featuredmedia":[{"embeddable":true,"href":"https:\/\/chacosintesis.com.ar\/index.php\/wp-json\/wp\/v2\/media\/28330"}],"wp:attachment":[{"href":"https:\/\/chacosintesis.com.ar\/index.php\/wp-json\/wp\/v2\/media?parent=28329"}],"wp:term":[{"taxonomy":"category","embeddable":true,"href":"https:\/\/chacosintesis.com.ar\/index.php\/wp-json\/wp\/v2\/categories?post=28329"},{"taxonomy":"post_tag","embeddable":true,"href":"https:\/\/chacosintesis.com.ar\/index.php\/wp-json\/wp\/v2\/tags?post=28329"}],"curies":[{"name":"wp","href":"https:\/\/api.w.org\/{rel}","templated":true}]}}