{"id":28311,"date":"2023-11-03T09:04:16","date_gmt":"2023-11-03T12:04:16","guid":{"rendered":"https:\/\/chacosintesis.com.ar\/?p=28311"},"modified":"2023-11-03T09:06:55","modified_gmt":"2023-11-03T12:06:55","slug":"el-rio-ya-corto-el-camino-costero-a-la-isla-del-cerrito","status":"publish","type":"post","link":"https:\/\/chacosintesis.com.ar\/index.php\/el-rio-ya-corto-el-camino-costero-a-la-isla-del-cerrito\/","title":{"rendered":"El r\u00edo ya cort\u00f3 el camino costero a la Isla del Cerrito"},"content":{"rendered":"<div class=\"postie-post\">El Paran\u00e1 avanza y en Antequera y alrededores apresuran la movilizaci\u00f3n a zonas altas de familias ribere\u00f1as, hacienda y peque\u00f1os animales.<\/p>\n<p>Hasta el mediod\u00eda de ayer jueves era intenso el movimiento para salvaguardar bienes y animales en la zona costera hacia la Isla del Cerrito. El camino que lleva a la isla y atraviesa esa parte de la geograf\u00eda chaque\u00f1a a\u00fan era recorrido por muchos propietarios de lanchas que acudieron ante el llamado de los encargados de las guarder\u00edas para retirar sus embarcaciones y otras pertenencias. Todav\u00eda las camionetas pod\u00edan cruzar a pesar de la presencia del agua sobre el camino, aproximadamente a seis kil\u00f3metros del puente del riacho In\u00e9. Veh\u00edculos de dependencias del Estado provincial, como el Ministerio de Salud y Secheep, llevaban insumos, generadores el\u00e9ctricos y otros elementos para ayudar ante los anegamientos que ya se registran en la zona. Con el trascurrir de las horas se hizo imposible salvar la altura del agua que invad\u00eda la traza vial.<\/p>\n<p>Walter Medina, un lugare\u00f1o dedicado a la cr\u00eda de ganado, indic\u00f3 que &#8220;estamos llevando las vacas hasta cerca del puente (por el General Belgrano). La sequ\u00eda hist\u00f3rica nos dio tres a\u00f1os de tranquilidad, pero lo normal para quienes vivimos ac\u00e1 es esto&#8221;.<br \/>\nACCIONES DE LA APA<br \/>\nGustavo D\u2019Alessandro, vocal de la Administraci\u00f3n Provincial del Agua (APA), en contacto con NORTE inform\u00f3 que &#8220;venimos trabajando desde la mesa de coordinaci\u00f3n que convoc\u00f3 el ministro Chapo con los intendentes y con las distintas dependencias provinciales para, adem\u00e1s de alertar, coordinar los operativos de ayuda a fin de garantizar la asistencia que requieran los municipios costeros -Isla del Cerrito, Colonia Ben\u00edtez, Barranqueras, Puerto Vilelas- y todo el sector sur, puntualmente hasta Basail (colonias Tacuar\u00ed y Tacuan\u00ed, Bajo M\u00e9ndez, Isla Soto), donde el r\u00edo con las alturas que se han pronosticado ya corta la accesibilidad, por lo que se articul\u00f3 con Desarrollo Social, con Salud, con Educaci\u00f3n, para asistir a las familias que deben ser evacuadas&#8221;.<br \/>\n&#8220;En lo relativo al \u00c1rea Metropolitana del Gran Resistencia, se activ\u00f3 el protocolo de cierre y apertura de compuertas para monitorear su funcionamiento, y se comprob\u00f3 que est\u00e1n en \u00f3ptimas condiciones. Se hicieron tambi\u00e9n las pruebas de las bombas, y todas respondieron correctamente. Las cuatro compuertas de la obra de control de Barranqueras est\u00e1n abiertas. En esa localidad, el r\u00edo pas\u00f3 de 5 metros a 5,30 m en 24 horas y sigue creciendo muy r\u00e1pidamente&#8221;, complet\u00f3 el funcionario.<br \/>\nSITUACI\u00d3N DEL R\u00cdO NEGRO<br \/>\nPasadas las 13 de ayer, el gobernador Jorge Capitanich inform\u00f3 a trav\u00e9s de la red X (ex Twitter) que &#8220;realizamos el cierre de compuertas del dique sobre el r\u00edo Negro, como indica el protocolo de acci\u00f3n ante las crecidas del r\u00edo Paran\u00e1.<br \/>\nDentro del protocolo, tras el cierre de compuertas, encendimos las bombas del dique para descargar el agua del r\u00edo Negro hacia el Paran\u00e1&#8221;.<\/p>\n<p>DIARIO NORTE.-<\/p>\n<\/div>\n","protected":false},"excerpt":{"rendered":"<p>El Paran\u00e1 avanza y en Antequera y alrededores apresuran la movilizaci\u00f3n a zonas altas de familias ribere\u00f1as, hacienda y peque\u00f1os animales. Hasta el mediod\u00eda de ayer jueves era intenso el movimiento para salvaguardar bienes y animales en la zona costera hacia la Isla del Cerrito. El camino que lleva a la isla y atraviesa esa [&hellip;]<\/p>\n","protected":false},"author":1,"featured_media":28312,"comment_status":"closed","ping_status":"closed","sticky":false,"template":"","format":"standard","meta":{"footnotes":""},"categories":[6],"tags":[197],"class_list":{"0":"post-28311","1":"post","2":"type-post","3":"status-publish","4":"format-standard","5":"has-post-thumbnail","7":"category-chaco","8":"tag-destacada"},"_links":{"self":[{"href":"https:\/\/chacosintesis.com.ar\/index.php\/wp-json\/wp\/v2\/posts\/28311","targetHints":{"allow":["GET"]}}],"collection":[{"href":"https:\/\/chacosintesis.com.ar\/index.php\/wp-json\/wp\/v2\/posts"}],"about":[{"href":"https:\/\/chacosintesis.com.ar\/index.php\/wp-json\/wp\/v2\/types\/post"}],"author":[{"embeddable":true,"href":"https:\/\/chacosintesis.com.ar\/index.php\/wp-json\/wp\/v2\/users\/1"}],"replies":[{"embeddable":true,"href":"https:\/\/chacosintesis.com.ar\/index.php\/wp-json\/wp\/v2\/comments?post=28311"}],"version-history":[{"count":0,"href":"https:\/\/chacosintesis.com.ar\/index.php\/wp-json\/wp\/v2\/posts\/28311\/revisions"}],"wp:featuredmedia":[{"embeddable":true,"href":"https:\/\/chacosintesis.com.ar\/index.php\/wp-json\/wp\/v2\/media\/28312"}],"wp:attachment":[{"href":"https:\/\/chacosintesis.com.ar\/index.php\/wp-json\/wp\/v2\/media?parent=28311"}],"wp:term":[{"taxonomy":"category","embeddable":true,"href":"https:\/\/chacosintesis.com.ar\/index.php\/wp-json\/wp\/v2\/categories?post=28311"},{"taxonomy":"post_tag","embeddable":true,"href":"https:\/\/chacosintesis.com.ar\/index.php\/wp-json\/wp\/v2\/tags?post=28311"}],"curies":[{"name":"wp","href":"https:\/\/api.w.org\/{rel}","templated":true}]}}